{"id":795,"date":"2026-09-04T06:00:00","date_gmt":"2026-09-04T09:00:00","guid":{"rendered":"https:\/\/jgtvpodcast.com\/?p=795"},"modified":"2026-09-02T01:22:31","modified_gmt":"2026-09-02T04:22:31","slug":"cultura-organizacional-ganha-forca-na-retencao-de-talentos","status":"publish","type":"post","link":"https:\/\/jgtv-programas-e-noticias.builderallwppro.com\/?p=795","title":{"rendered":"Cultura organizacional ganha for\u00e7a na reten\u00e7\u00e3o de talentos"},"content":{"rendered":"\n<p>A cultura organizacional deixou de ser apenas um conjunto de valores expostos em sites, murais ou apresenta\u00e7\u00f5es corporativas. Na avalia\u00e7\u00e3o da LHH, ela se manifesta principalmente nas experi\u00eancias vividas pelos profissionais no dia a dia e pode influenciar diretamente a reten\u00e7\u00e3o de talentos, o desenvolvimento das equipes e a capacidade de inova\u00e7\u00e3o das empresas.<\/p>\n\n\n\n<p>A forma como l\u00edderes tomam decis\u00f5es, lidam com erros, oferecem feedback, administram conflitos e criam oportunidades de crescimento ajuda a definir a percep\u00e7\u00e3o dos funcion\u00e1rios sobre a organiza\u00e7\u00e3o. Em um cen\u00e1rio de <strong><a href=\"https:\/\/jgtvpodcast.com\/?p=746\">mudan\u00e7as no mercado de trabalho<\/a><\/strong> e de novas expectativas profissionais, essa experi\u00eancia passou a ter peso estrat\u00e9gico.<\/p>\n\n\n\n<p>Alexandre Marins, Diretor de Desenvolvimento de Talentos da LHH Brasil, destaca que muitas empresas ainda n\u00e3o d\u00e3o \u00e0 cultura organizacional a import\u00e2ncia necess\u00e1ria. Segundo ele, quando problemas relacionados ao neg\u00f3cio aparecem, corrigir os impactos de uma cultura inadequada pode ser mais dif\u00edcil.<\/p>\n\n\n\n<h2 class=\"wp-block-heading\">Reten\u00e7\u00e3o de talentos<\/h2>\n\n\n\n<p>Os dados analisados pela LHH mostram que estar empregado n\u00e3o significa, necessariamente, desejar construir uma trajet\u00f3ria de longo prazo na mesma empresa.<\/p>\n\n\n\n<p>Embora 95% dos trabalhadores tenham afirmado que pretendem permanecer com seus empregadores nos 12 meses seguintes, cerca de um ter\u00e7o condiciona essa perman\u00eancia \u00e0 exist\u00eancia de oportunidades concretas de progress\u00e3o profissional. Al\u00e9m disso, 74% dos profissionais mant\u00eam planos de carreira que ultrapassam os limites da organiza\u00e7\u00e3o em que trabalham atualmente.<\/p>\n\n\n\n<p>Do lado das empresas, o desafio tamb\u00e9m aparece na mobilidade interna. Segundo os dados apresentados pela LHH, 61% das organiza\u00e7\u00f5es relatam dificuldades para movimentar talentos para novas fun\u00e7\u00f5es.<\/p>\n\n\n\n<p>O cen\u00e1rio refor\u00e7a a necessidade de as empresas oferecerem caminhos de <strong><a href=\"https:\/\/jgtvpodcast.com\/?p=625\">desenvolvimento profissional<\/a><\/strong>. Para a LHH, cultura organizacional e estrat\u00e9gia de neg\u00f3cios precisam caminhar juntas, principalmente quando a companhia pretende crescer, inovar ou passar por processos de transforma\u00e7\u00e3o.<\/p>\n\n\n\n<h2 class=\"wp-block-heading\">Prop\u00f3sito influencia a perman\u00eancia<\/h2>\n\n\n\n<p>Outro fator associado \u00e0 reten\u00e7\u00e3o de talentos \u00e9 o prop\u00f3sito. A percep\u00e7\u00e3o de que o trabalho possui significado pode alterar de maneira expressiva a inten\u00e7\u00e3o de perman\u00eancia dos profissionais.<\/p>\n\n\n\n<p>De acordo com dados apresentados pela LHH, 99% dos trabalhadores que afirmam sentir diariamente um forte senso de prop\u00f3sito pretendem permanecer com seus empregadores pelos 12 meses seguintes. Entre aqueles que nunca t\u00eam essa percep\u00e7\u00e3o, o \u00edndice cai para 53%.<\/p>\n\n\n\n<p>A remunera\u00e7\u00e3o continua sendo relevante, mas n\u00e3o \u00e9 o \u00fanico aspecto considerado pelos profissionais. Condi\u00e7\u00f5es de trabalho, estabilidade, perspectivas de desenvolvimento e a experi\u00eancia proporcionada pela organiza\u00e7\u00e3o tamb\u00e9m ganham import\u00e2ncia entre <strong><a href=\"https:\/\/jgtvpodcast.com\/?p=474\">trabalhadores satisfeitos<\/a><\/strong>.<\/p>\n\n\n\n<h2 class=\"wp-block-heading\">Lideran\u00e7a constr\u00f3i a cultura<\/h2>\n\n\n\n<p>Uma cultura organizacional consistente n\u00e3o depende apenas de campanhas internas ou da divulga\u00e7\u00e3o de novos valores. Para que o discurso seja incorporado \u00e0 rotina, \u00e9 necess\u00e1rio que as lideran\u00e7as demonstrem, por meio de suas pr\u00f3prias atitudes, os comportamentos esperados das equipes.<\/p>\n\n\n\n<p>Empresas que desejam estimular colabora\u00e7\u00e3o, autonomia e inova\u00e7\u00e3o precisam criar ambientes nos quais os profissionais tenham espa\u00e7o para apresentar ideias, <strong><a href=\"https:\/\/jgtvpodcast.com\/?p=460\">testar solu\u00e7\u00f5es e aprender com erros<\/a><\/strong>. De acordo com Marins, a confian\u00e7a \u00e9 um elemento fundamental para que a experimenta\u00e7\u00e3o aconte\u00e7a e para fortalecer uma cultura de inova\u00e7\u00e3o.<\/p>\n\n\n\n<p>Nesse contexto, o comportamento dos gestores pode aproximar ou afastar a pr\u00e1tica dos valores defendidos pela organiza\u00e7\u00e3o. A transforma\u00e7\u00e3o cultural, portanto, precisa aparecer nas decis\u00f5es, nos processos e nas rela\u00e7\u00f5es profissionais.<\/p>\n\n\n\n<h2 class=\"wp-block-heading\">Como fortalecer a cultura organizacional<\/h2>\n\n\n\n<p>Para a LHH, o primeiro passo para uma transforma\u00e7\u00e3o cultural \u00e9 compreender a diferen\u00e7a entre aquilo que a empresa declara valorizar e o que os funcion\u00e1rios efetivamente vivenciam.<\/p>\n\n\n\n<p>Entre as medidas apontadas est\u00e3o:<\/p>\n\n\n\n<ul class=\"wp-block-list\">\n<li>avaliar a identidade cultural existente e identificar lacunas;<\/li>\n\n\n\n<li>criar oportunidades concretas de desenvolvimento e mobilidade interna;<\/li>\n\n\n\n<li>estimular autonomia e experimenta\u00e7\u00e3o;<\/li>\n\n\n\n<li>alinhar processos e sistemas \u00e0 cultura desejada;<\/li>\n\n\n\n<li>fortalecer prop\u00f3sito, flexibilidade e perspectivas de crescimento;<\/li>\n\n\n\n<li>fazer das lideran\u00e7as exemplos dos comportamentos esperados.<\/li>\n<\/ul>\n\n\n\n<p>A proposta \u00e9 tratar a cultura organizacional como um processo cont\u00ednuo, e n\u00e3o como uma iniciativa isolada. Para Marins, empresas bem-sucedidas precisam estabelecer planos de a\u00e7\u00e3o, acompanhar indicadores e medir a sa\u00fade da cultura ao longo do tempo.<\/p>\n\n\n\n<p>Assim, mais do que comunicar valores, as organiza\u00e7\u00f5es precisam transformar esses princ\u00edpios em experi\u00eancias concretas. A cultura passa a cumprir seu <strong><a href=\"https:\/\/jgtvpodcast.com\/?p=340\">papel estrat\u00e9gico <\/a><\/strong>quando influencia a maneira como as pessoas trabalham, se desenvolvem, inovam e enxergam seu futuro dentro da empresa.<\/p>\n","protected":false},"excerpt":{"rendered":"<p>Cultura organizacional, prop\u00f3sito e lideran\u00e7a influenciam a reten\u00e7\u00e3o de talentos e o crescimento das empresas.<\/p>\n","protected":false},"author":1,"featured_media":801,"comment_status":"open","ping_status":"open","sticky":false,"template":"","format":"standard","meta":{"footnotes":""},"categories":[38,13],"tags":[58,178,81,45,182,79],"class_list":["post-795","post","type-post","status-publish","format-standard","has-post-thumbnail","hentry","category-carreira","category-desenvolvimento-humano","tag-cultura-organizacional","tag-desenvolvimento-profissional","tag-gestao-de-pessoas","tag-lideranca","tag-proposito","tag-retencao-de-talentos"],"yoast_head":"<!-- This site is optimized with the Yoast SEO plugin v26.8 - https:\/\/yoast.com\/product\/yoast-seo-wordpress\/ -->\n<title>Cultura organizacional ganha for\u00e7a na reten\u00e7\u00e3o de talentos<\/title>\n<meta name=\"description\" content=\"Cultura organizacional, prop\u00f3sito e lideran\u00e7a influenciam a reten\u00e7\u00e3o de talentos e o crescimento das empresas.\" \/>\n<meta name=\"robots\" content=\"index, follow, max-snippet:-1, max-image-preview:large, max-video-preview:-1\" \/>\n<link rel=\"canonical\" href=\"https:\/\/jgtv-programas-e-noticias.builderallwppro.com\/?p=795\" \/>\n<meta property=\"og:locale\" content=\"pt_BR\" \/>\n<meta property=\"og:type\" content=\"article\" \/>\n<meta property=\"og:title\" content=\"Cultura organizacional ganha for\u00e7a na reten\u00e7\u00e3o de talentos\" \/>\n<meta property=\"og:description\" content=\"Cultura organizacional, prop\u00f3sito e lideran\u00e7a influenciam a reten\u00e7\u00e3o de talentos e o crescimento das empresas.\" \/>\n<meta property=\"og:url\" content=\"https:\/\/jgtv-programas-e-noticias.builderallwppro.com\/?p=795\" \/>\n<meta property=\"og:site_name\" content=\"JGTV - Programas e Not\u00edcias\" \/>\n<meta property=\"article:published_time\" content=\"2026-09-04T09:00:00+00:00\" \/>\n<meta property=\"og:image\" content=\"https:\/\/jgtv-programas-e-noticias.builderallwppro.com\/wp-content\/uploads\/2026\/09\/Cultura-Organizacional-Pexels-yankrukov-scaled.jpg\" \/>\n\t<meta property=\"og:image:width\" content=\"2560\" \/>\n\t<meta property=\"og:image:height\" content=\"1707\" \/>\n\t<meta property=\"og:image:type\" content=\"image\/jpeg\" \/>\n<meta name=\"author\" content=\"Reda\u00e7\u00e3o\" \/>\n<meta name=\"twitter:card\" content=\"summary_large_image\" \/>\n<meta name=\"twitter:label1\" content=\"Escrito por\" \/>\n\t<meta name=\"twitter:data1\" content=\"Reda\u00e7\u00e3o\" \/>\n\t<meta name=\"twitter:label2\" content=\"Est. tempo de leitura\" \/>\n\t<meta name=\"twitter:data2\" content=\"4 minutos\" \/>\n<script type=\"application\/ld+json\" class=\"yoast-schema-graph\">{\"@context\":\"https:\/\/schema.org\",\"@graph\":[{\"@type\":\"Article\",\"@id\":\"https:\/\/jgtv-programas-e-noticias.builderallwppro.com\/?p=795#article\",\"isPartOf\":{\"@id\":\"https:\/\/jgtv-programas-e-noticias.builderallwppro.com\/?p=795\"},\"author\":{\"name\":\"Reda\u00e7\u00e3o\",\"@id\":\"https:\/\/jgtv-programas-e-noticias.builderallwppro.com\/#\/schema\/person\/d46f8f8e2b57ff9866441e005ecd0252\"},\"headline\":\"Cultura organizacional ganha for\u00e7a na reten\u00e7\u00e3o de talentos\",\"datePublished\":\"2026-09-04T09:00:00+00:00\",\"mainEntityOfPage\":{\"@id\":\"https:\/\/jgtv-programas-e-noticias.builderallwppro.com\/?p=795\"},\"wordCount\":756,\"commentCount\":0,\"publisher\":{\"@id\":\"https:\/\/jgtv-programas-e-noticias.builderallwppro.com\/#organization\"},\"image\":{\"@id\":\"https:\/\/jgtv-programas-e-noticias.builderallwppro.com\/?p=795#primaryimage\"},\"thumbnailUrl\":\"https:\/\/jgtv-programas-e-noticias.builderallwppro.com\/wp-content\/uploads\/2026\/09\/Cultura-Organizacional-Pexels-yankrukov-scaled.jpg\",\"keywords\":[\"cultura organizacional\",\"desenvolvimento profissional\",\"gest\u00e3o de pessoas\",\"lideran\u00e7a\",\"prop\u00f3sito\",\"reten\u00e7\u00e3o de talentos\"],\"articleSection\":[\"Carreira\",\"Desenvolvimento Humano\"],\"inLanguage\":\"pt-BR\",\"potentialAction\":[{\"@type\":\"CommentAction\",\"name\":\"Comment\",\"target\":[\"https:\/\/jgtv-programas-e-noticias.builderallwppro.com\/?p=795#respond\"]}]},{\"@type\":\"WebPage\",\"@id\":\"https:\/\/jgtv-programas-e-noticias.builderallwppro.com\/?p=795\",\"url\":\"https:\/\/jgtv-programas-e-noticias.builderallwppro.com\/?p=795\",\"name\":\"Cultura organizacional ganha for\u00e7a na reten\u00e7\u00e3o de talentos\",\"isPartOf\":{\"@id\":\"https:\/\/jgtv-programas-e-noticias.builderallwppro.com\/#website\"},\"primaryImageOfPage\":{\"@id\":\"https:\/\/jgtv-programas-e-noticias.builderallwppro.com\/?p=795#primaryimage\"},\"image\":{\"@id\":\"https:\/\/jgtv-programas-e-noticias.builderallwppro.com\/?p=795#primaryimage\"},\"thumbnailUrl\":\"https:\/\/jgtv-programas-e-noticias.builderallwppro.com\/wp-content\/uploads\/2026\/09\/Cultura-Organizacional-Pexels-yankrukov-scaled.jpg\",\"datePublished\":\"2026-09-04T09:00:00+00:00\",\"description\":\"Cultura organizacional, prop\u00f3sito e lideran\u00e7a influenciam a reten\u00e7\u00e3o de talentos e o crescimento das empresas.\",\"breadcrumb\":{\"@id\":\"https:\/\/jgtv-programas-e-noticias.builderallwppro.com\/?p=795#breadcrumb\"},\"inLanguage\":\"pt-BR\",\"potentialAction\":[{\"@type\":\"ReadAction\",\"target\":[\"https:\/\/jgtv-programas-e-noticias.builderallwppro.com\/?p=795\"]}]},{\"@type\":\"ImageObject\",\"inLanguage\":\"pt-BR\",\"@id\":\"https:\/\/jgtv-programas-e-noticias.builderallwppro.com\/?p=795#primaryimage\",\"url\":\"https:\/\/jgtv-programas-e-noticias.builderallwppro.com\/wp-content\/uploads\/2026\/09\/Cultura-Organizacional-Pexels-yankrukov-scaled.jpg\",\"contentUrl\":\"https:\/\/jgtv-programas-e-noticias.builderallwppro.com\/wp-content\/uploads\/2026\/09\/Cultura-Organizacional-Pexels-yankrukov-scaled.jpg\",\"width\":2560,\"height\":1707,\"caption\":\"Cr\u00e9dito imagem - Pexels-yankrukov\"},{\"@type\":\"BreadcrumbList\",\"@id\":\"https:\/\/jgtv-programas-e-noticias.builderallwppro.com\/?p=795#breadcrumb\",\"itemListElement\":[{\"@type\":\"ListItem\",\"position\":1,\"name\":\"In\u00edcio\",\"item\":\"https:\/\/jgtv-programas-e-noticias.builderallwppro.com\/\"},{\"@type\":\"ListItem\",\"position\":2,\"name\":\"Cultura organizacional ganha for\u00e7a na reten\u00e7\u00e3o de talentos\"}]},{\"@type\":\"WebSite\",\"@id\":\"https:\/\/jgtv-programas-e-noticias.builderallwppro.com\/#website\",\"url\":\"https:\/\/jgtv-programas-e-noticias.builderallwppro.com\/\",\"name\":\"JGTV - Programas e Not\u00edcias\",\"description\":\"Podcasts para Profissionais e Empreendedores - Personalidades, informa\u00e7\u00e3o e conhecimento relacionados a carreira, gest\u00e3o, neg\u00f3cios, desenvolvimento pessoal e lifestyle equilibrado entre vida e trabalho!\",\"publisher\":{\"@id\":\"https:\/\/jgtv-programas-e-noticias.builderallwppro.com\/#organization\"},\"potentialAction\":[{\"@type\":\"SearchAction\",\"target\":{\"@type\":\"EntryPoint\",\"urlTemplate\":\"https:\/\/jgtv-programas-e-noticias.builderallwppro.com\/?s={search_term_string}\"},\"query-input\":{\"@type\":\"PropertyValueSpecification\",\"valueRequired\":true,\"valueName\":\"search_term_string\"}}],\"inLanguage\":\"pt-BR\"},{\"@type\":\"Organization\",\"@id\":\"https:\/\/jgtv-programas-e-noticias.builderallwppro.com\/#organization\",\"name\":\"JGTV - Programas e Not\u00edcias\",\"url\":\"https:\/\/jgtv-programas-e-noticias.builderallwppro.com\/\",\"logo\":{\"@type\":\"ImageObject\",\"inLanguage\":\"pt-BR\",\"@id\":\"https:\/\/jgtv-programas-e-noticias.builderallwppro.com\/#\/schema\/logo\/image\/\",\"url\":\"https:\/\/jgtv-programas-e-noticias.builderallwppro.com\/wp-content\/uploads\/2026\/01\/cropped-logoJGTV-1.png\",\"contentUrl\":\"https:\/\/jgtv-programas-e-noticias.builderallwppro.com\/wp-content\/uploads\/2026\/01\/cropped-logoJGTV-1.png\",\"width\":1918,\"height\":1080,\"caption\":\"JGTV  - Programas e Not\u00edcias\"},\"image\":{\"@id\":\"https:\/\/jgtv-programas-e-noticias.builderallwppro.com\/#\/schema\/logo\/image\/\"}},{\"@type\":\"Person\",\"@id\":\"https:\/\/jgtv-programas-e-noticias.builderallwppro.com\/#\/schema\/person\/d46f8f8e2b57ff9866441e005ecd0252\",\"name\":\"Reda\u00e7\u00e3o\",\"image\":{\"@type\":\"ImageObject\",\"inLanguage\":\"pt-BR\",\"@id\":\"https:\/\/jgtv-programas-e-noticias.builderallwppro.com\/#\/schema\/person\/image\/\",\"url\":\"https:\/\/secure.gravatar.com\/avatar\/265d249c158d6f9d93f673b7d9bf94f6bba6a8160d079283a23ff922448e4e81?s=96&d=mm&r=g\",\"contentUrl\":\"https:\/\/secure.gravatar.com\/avatar\/265d249c158d6f9d93f673b7d9bf94f6bba6a8160d079283a23ff922448e4e81?s=96&d=mm&r=g\",\"caption\":\"Reda\u00e7\u00e3o\"},\"description\":\"Reda\u00e7\u00e3o\",\"sameAs\":[\"https:\/\/jgtv-programas-e-noticias.builderallwppro.com\"],\"url\":\"https:\/\/jgtv-programas-e-noticias.builderallwppro.com\/?author=1\"}]}<\/script>\n<!-- \/ Yoast SEO plugin. -->","yoast_head_json":{"title":"Cultura organizacional ganha for\u00e7a na reten\u00e7\u00e3o de talentos","description":"Cultura organizacional, prop\u00f3sito e lideran\u00e7a influenciam a reten\u00e7\u00e3o de talentos e o crescimento das empresas.","robots":{"index":"index","follow":"follow","max-snippet":"max-snippet:-1","max-image-preview":"max-image-preview:large","max-video-preview":"max-video-preview:-1"},"canonical":"https:\/\/jgtv-programas-e-noticias.builderallwppro.com\/?p=795","og_locale":"pt_BR","og_type":"article","og_title":"Cultura organizacional ganha for\u00e7a na reten\u00e7\u00e3o de talentos","og_description":"Cultura organizacional, prop\u00f3sito e lideran\u00e7a influenciam a reten\u00e7\u00e3o de talentos e o crescimento das empresas.","og_url":"https:\/\/jgtv-programas-e-noticias.builderallwppro.com\/?p=795","og_site_name":"JGTV - Programas e Not\u00edcias","article_published_time":"2026-09-04T09:00:00+00:00","og_image":[{"width":2560,"height":1707,"url":"https:\/\/jgtv-programas-e-noticias.builderallwppro.com\/wp-content\/uploads\/2026\/09\/Cultura-Organizacional-Pexels-yankrukov-scaled.jpg","type":"image\/jpeg"}],"author":"Reda\u00e7\u00e3o","twitter_card":"summary_large_image","twitter_misc":{"Escrito por":"Reda\u00e7\u00e3o","Est. tempo de leitura":"4 minutos"},"schema":{"@context":"https:\/\/schema.org","@graph":[{"@type":"Article","@id":"https:\/\/jgtv-programas-e-noticias.builderallwppro.com\/?p=795#article","isPartOf":{"@id":"https:\/\/jgtv-programas-e-noticias.builderallwppro.com\/?p=795"},"author":{"name":"Reda\u00e7\u00e3o","@id":"https:\/\/jgtv-programas-e-noticias.builderallwppro.com\/#\/schema\/person\/d46f8f8e2b57ff9866441e005ecd0252"},"headline":"Cultura organizacional ganha for\u00e7a na reten\u00e7\u00e3o de talentos","datePublished":"2026-09-04T09:00:00+00:00","mainEntityOfPage":{"@id":"https:\/\/jgtv-programas-e-noticias.builderallwppro.com\/?p=795"},"wordCount":756,"commentCount":0,"publisher":{"@id":"https:\/\/jgtv-programas-e-noticias.builderallwppro.com\/#organization"},"image":{"@id":"https:\/\/jgtv-programas-e-noticias.builderallwppro.com\/?p=795#primaryimage"},"thumbnailUrl":"https:\/\/jgtv-programas-e-noticias.builderallwppro.com\/wp-content\/uploads\/2026\/09\/Cultura-Organizacional-Pexels-yankrukov-scaled.jpg","keywords":["cultura organizacional","desenvolvimento profissional","gest\u00e3o de pessoas","lideran\u00e7a","prop\u00f3sito","reten\u00e7\u00e3o de talentos"],"articleSection":["Carreira","Desenvolvimento Humano"],"inLanguage":"pt-BR","potentialAction":[{"@type":"CommentAction","name":"Comment","target":["https:\/\/jgtv-programas-e-noticias.builderallwppro.com\/?p=795#respond"]}]},{"@type":"WebPage","@id":"https:\/\/jgtv-programas-e-noticias.builderallwppro.com\/?p=795","url":"https:\/\/jgtv-programas-e-noticias.builderallwppro.com\/?p=795","name":"Cultura organizacional ganha for\u00e7a na reten\u00e7\u00e3o de talentos","isPartOf":{"@id":"https:\/\/jgtv-programas-e-noticias.builderallwppro.com\/#website"},"primaryImageOfPage":{"@id":"https:\/\/jgtv-programas-e-noticias.builderallwppro.com\/?p=795#primaryimage"},"image":{"@id":"https:\/\/jgtv-programas-e-noticias.builderallwppro.com\/?p=795#primaryimage"},"thumbnailUrl":"https:\/\/jgtv-programas-e-noticias.builderallwppro.com\/wp-content\/uploads\/2026\/09\/Cultura-Organizacional-Pexels-yankrukov-scaled.jpg","datePublished":"2026-09-04T09:00:00+00:00","description":"Cultura organizacional, prop\u00f3sito e lideran\u00e7a influenciam a reten\u00e7\u00e3o de talentos e o crescimento das empresas.","breadcrumb":{"@id":"https:\/\/jgtv-programas-e-noticias.builderallwppro.com\/?p=795#breadcrumb"},"inLanguage":"pt-BR","potentialAction":[{"@type":"ReadAction","target":["https:\/\/jgtv-programas-e-noticias.builderallwppro.com\/?p=795"]}]},{"@type":"ImageObject","inLanguage":"pt-BR","@id":"https:\/\/jgtv-programas-e-noticias.builderallwppro.com\/?p=795#primaryimage","url":"https:\/\/jgtv-programas-e-noticias.builderallwppro.com\/wp-content\/uploads\/2026\/09\/Cultura-Organizacional-Pexels-yankrukov-scaled.jpg","contentUrl":"https:\/\/jgtv-programas-e-noticias.builderallwppro.com\/wp-content\/uploads\/2026\/09\/Cultura-Organizacional-Pexels-yankrukov-scaled.jpg","width":2560,"height":1707,"caption":"Cr\u00e9dito imagem - Pexels-yankrukov"},{"@type":"BreadcrumbList","@id":"https:\/\/jgtv-programas-e-noticias.builderallwppro.com\/?p=795#breadcrumb","itemListElement":[{"@type":"ListItem","position":1,"name":"In\u00edcio","item":"https:\/\/jgtv-programas-e-noticias.builderallwppro.com\/"},{"@type":"ListItem","position":2,"name":"Cultura organizacional ganha for\u00e7a na reten\u00e7\u00e3o de talentos"}]},{"@type":"WebSite","@id":"https:\/\/jgtv-programas-e-noticias.builderallwppro.com\/#website","url":"https:\/\/jgtv-programas-e-noticias.builderallwppro.com\/","name":"JGTV - Programas e Not\u00edcias","description":"Podcasts para Profissionais e Empreendedores - Personalidades, informa\u00e7\u00e3o e conhecimento relacionados a carreira, gest\u00e3o, neg\u00f3cios, desenvolvimento pessoal e lifestyle equilibrado entre vida e trabalho!","publisher":{"@id":"https:\/\/jgtv-programas-e-noticias.builderallwppro.com\/#organization"},"potentialAction":[{"@type":"SearchAction","target":{"@type":"EntryPoint","urlTemplate":"https:\/\/jgtv-programas-e-noticias.builderallwppro.com\/?s={search_term_string}"},"query-input":{"@type":"PropertyValueSpecification","valueRequired":true,"valueName":"search_term_string"}}],"inLanguage":"pt-BR"},{"@type":"Organization","@id":"https:\/\/jgtv-programas-e-noticias.builderallwppro.com\/#organization","name":"JGTV - Programas e Not\u00edcias","url":"https:\/\/jgtv-programas-e-noticias.builderallwppro.com\/","logo":{"@type":"ImageObject","inLanguage":"pt-BR","@id":"https:\/\/jgtv-programas-e-noticias.builderallwppro.com\/#\/schema\/logo\/image\/","url":"https:\/\/jgtv-programas-e-noticias.builderallwppro.com\/wp-content\/uploads\/2026\/01\/cropped-logoJGTV-1.png","contentUrl":"https:\/\/jgtv-programas-e-noticias.builderallwppro.com\/wp-content\/uploads\/2026\/01\/cropped-logoJGTV-1.png","width":1918,"height":1080,"caption":"JGTV  - Programas e Not\u00edcias"},"image":{"@id":"https:\/\/jgtv-programas-e-noticias.builderallwppro.com\/#\/schema\/logo\/image\/"}},{"@type":"Person","@id":"https:\/\/jgtv-programas-e-noticias.builderallwppro.com\/#\/schema\/person\/d46f8f8e2b57ff9866441e005ecd0252","name":"Reda\u00e7\u00e3o","image":{"@type":"ImageObject","inLanguage":"pt-BR","@id":"https:\/\/jgtv-programas-e-noticias.builderallwppro.com\/#\/schema\/person\/image\/","url":"https:\/\/secure.gravatar.com\/avatar\/265d249c158d6f9d93f673b7d9bf94f6bba6a8160d079283a23ff922448e4e81?s=96&d=mm&r=g","contentUrl":"https:\/\/secure.gravatar.com\/avatar\/265d249c158d6f9d93f673b7d9bf94f6bba6a8160d079283a23ff922448e4e81?s=96&d=mm&r=g","caption":"Reda\u00e7\u00e3o"},"description":"Reda\u00e7\u00e3o","sameAs":["https:\/\/jgtv-programas-e-noticias.builderallwppro.com"],"url":"https:\/\/jgtv-programas-e-noticias.builderallwppro.com\/?author=1"}]}},"_links":{"self":[{"href":"https:\/\/jgtv-programas-e-noticias.builderallwppro.com\/index.php?rest_route=\/wp\/v2\/posts\/795","targetHints":{"allow":["GET"]}}],"collection":[{"href":"https:\/\/jgtv-programas-e-noticias.builderallwppro.com\/index.php?rest_route=\/wp\/v2\/posts"}],"about":[{"href":"https:\/\/jgtv-programas-e-noticias.builderallwppro.com\/index.php?rest_route=\/wp\/v2\/types\/post"}],"author":[{"embeddable":true,"href":"https:\/\/jgtv-programas-e-noticias.builderallwppro.com\/index.php?rest_route=\/wp\/v2\/users\/1"}],"replies":[{"embeddable":true,"href":"https:\/\/jgtv-programas-e-noticias.builderallwppro.com\/index.php?rest_route=%2Fwp%2Fv2%2Fcomments&post=795"}],"version-history":[{"count":3,"href":"https:\/\/jgtv-programas-e-noticias.builderallwppro.com\/index.php?rest_route=\/wp\/v2\/posts\/795\/revisions"}],"predecessor-version":[{"id":800,"href":"https:\/\/jgtv-programas-e-noticias.builderallwppro.com\/index.php?rest_route=\/wp\/v2\/posts\/795\/revisions\/800"}],"wp:featuredmedia":[{"embeddable":true,"href":"https:\/\/jgtv-programas-e-noticias.builderallwppro.com\/index.php?rest_route=\/wp\/v2\/media\/801"}],"wp:attachment":[{"href":"https:\/\/jgtv-programas-e-noticias.builderallwppro.com\/index.php?rest_route=%2Fwp%2Fv2%2Fmedia&parent=795"}],"wp:term":[{"taxonomy":"category","embeddable":true,"href":"https:\/\/jgtv-programas-e-noticias.builderallwppro.com\/index.php?rest_route=%2Fwp%2Fv2%2Fcategories&post=795"},{"taxonomy":"post_tag","embeddable":true,"href":"https:\/\/jgtv-programas-e-noticias.builderallwppro.com\/index.php?rest_route=%2Fwp%2Fv2%2Ftags&post=795"}],"curies":[{"name":"wp","href":"https:\/\/api.w.org\/{rel}","templated":true}]}}