{"id":693,"date":"2026-08-12T06:00:00","date_gmt":"2026-08-12T09:00:00","guid":{"rendered":"https:\/\/jgtvpodcast.com\/?p=693"},"modified":"2026-08-14T00:26:57","modified_gmt":"2026-08-14T03:26:57","slug":"juridico-estrategico-pode-evitar-prejuizos-e-proteger-empresas","status":"publish","type":"post","link":"https:\/\/jgtv-programas-e-noticias.builderallwppro.com\/?p=693","title":{"rendered":"Jur\u00eddico estrat\u00e9gico pode evitar preju\u00edzos e proteger empresas"},"content":{"rendered":"\n<p>Empresas podem estar perdendo dinheiro n\u00e3o apenas por vender pouco, mas tamb\u00e9m por n\u00e3o identificar riscos jur\u00eddicos presentes na pr\u00f3pria opera\u00e7\u00e3o. Para a advogada Cris Dorneles, o jur\u00eddico estrat\u00e9gico deve atuar antes que os problemas se transformem em processos, ajudando empres\u00e1rios e profissionais a avaliar riscos, custos e consequ\u00eancias de decis\u00f5es que podem comprometer a <strong><a href=\"https:\/\/www.jgtvpodcast.com\/?p=424\">sa\u00fade financeira do neg\u00f3cio<\/a><\/strong>.<\/p>\n\n\n\n<p>\u201cO jur\u00eddico quando chega na fase de processos \u00e9 a fase que a gente j\u00e1 n\u00e3o tem muito mais o que fazer\u201d, afirmou Cris durante entrevista \u00e0 <strong>JG TV<\/strong>. Para ela, a atua\u00e7\u00e3o preventiva permite que a empresa compreenda os riscos envolvidos antes de tomar uma decis\u00e3o. \u201cO jur\u00eddico estrat\u00e9gico vem para essa tomada de decis\u00f5es\u201d, explicou.<\/p>\n\n\n\n<p>A especialista foi entrevistada por Jussara Goyano no epis\u00f3dio \u201cEmpreender sem prote\u00e7\u00e3o jur\u00eddica pode custar muito mais caro do que voc\u00ea imagina\u201d, da terceira temporada da<strong> JG TV<\/strong>, exibido em 11 de agosto de 2026. Na conversa, ela abordou contratos, contrata\u00e7\u00e3o de prestadores, compliance, LGPD, trabalho h\u00edbrido, intelig\u00eancia artificial, ass\u00e9dio moral, NR-1 e outros aspectos que podem gerar impactos financeiros para empresas de diferentes portes.<\/p>\n\n\n\n<h2 class=\"wp-block-heading\">Jur\u00eddico n\u00e3o deve ser visto apenas como custo<\/h2>\n\n\n\n<p>Um dos principais pontos levantados por Cris Dorneles \u00e9 a percep\u00e7\u00e3o de que a assessoria jur\u00eddica representa apenas uma despesa. Na avalia\u00e7\u00e3o da advogada, essa vis\u00e3o faz com que empresas procurem ajuda somente quando o problema j\u00e1 est\u00e1 instalado.<\/p>\n\n\n\n<p>\u201cMuitos profissionais e muitas empresas entendem o jur\u00eddico s\u00f3 como custo e ele n\u00e3o \u00e9 um custo\u201d, afirmou. Segundo ela, a atua\u00e7\u00e3o preventiva permite avaliar uma decis\u00e3o antes que ela produza consequ\u00eancias dif\u00edceis de reverter.<\/p>\n\n\n\n<p>Um contrato sem an\u00e1lise jur\u00eddica, por exemplo, pode deixar de prever situa\u00e7\u00f5es importantes para a opera\u00e7\u00e3o. O mesmo pode acontecer quando a empresa muda procedimentos, contrata terceiros ou altera sua estrutura sem avaliar previamente os poss\u00edveis efeitos.<\/p>\n\n\n\n<p>Para Cris, o racioc\u00ednio deve considerar tr\u00eas dimens\u00f5es: risco, investimento e retorno. \u201cQual \u00e9 o risco que eu vou correr? O risco que eu vou correr \u00e9 tal. <strong><a href=\"https:\/\/www.jgtvpodcast.com\/?p=207\">O investimento<\/a><\/strong> que eu vou ter \u00e9 tal. O retorno financeiro que eu vou ter. Com base nisso, eu vou tomar minha decis\u00e3o se eu quero continuar ou n\u00e3o\u201d, explicou.<\/p>\n\n\n\n<h2 class=\"wp-block-heading\">Contratos precisam acompanhar a realidade do neg\u00f3cio<\/h2>\n\n\n\n<p>Outro alerta da advogada diz respeito aos contratos. Segundo ela, n\u00e3o basta elaborar um documento e mant\u00ea-lo durante anos sem revis\u00e3o. Mudan\u00e7as na fun\u00e7\u00e3o de funcion\u00e1rios, na opera\u00e7\u00e3o, no mercado e nas rela\u00e7\u00f5es com clientes podem exigir altera\u00e7\u00f5es nas cl\u00e1usulas.<\/p>\n\n\n\n<p>\u201cTodos os processos precisam ser revistos e \u00e9 isso que o jur\u00eddico vai fazendo para voc\u00ea\u201d, afirmou. Cris contou que recentemente revisou com uma cliente um contrato elaborado no final de 2024. Depois de ser utilizado ao longo de 2025, o documento passou a apresentar pontos que precisavam ser atualizados diante das novas demandas dos clientes.<\/p>\n\n\n\n<p>A adequa\u00e7\u00e3o tamb\u00e9m deve considerar o tamanho e a realidade de cada empresa. A especialista rejeita a ideia de que um contrato necessariamente precisa ser extenso e complexo para oferecer prote\u00e7\u00e3o.<\/p>\n\n\n\n<p>\u201cO jur\u00eddico tem que adaptar tua realidade\u201d, afirmou. Em um dos exemplos apresentados na entrevista, um cliente precisava de um documento extremamente simples porque seus contratos eram preenchidos manualmente no momento da venda. A solu\u00e7\u00e3o foi adaptar o conte\u00fado e manter apenas as cl\u00e1usulas consideradas essenciais para aquela opera\u00e7\u00e3o.<\/p>\n\n\n\n<h2 class=\"wp-block-heading\">O menor pre\u00e7o nem sempre representa a melhor decis\u00e3o<\/h2>\n\n\n\n<p>A preocupa\u00e7\u00e3o excessiva com custos tamb\u00e9m pode gerar riscos. Ao falar sobre a contrata\u00e7\u00e3o de prestadores de servi\u00e7o como pessoa jur\u00eddica, Cris destacou que escolher apenas pelo menor valor pode ser uma decis\u00e3o financeiramente equivocada.<\/p>\n\n\n\n<p>\u201cEu acho que a preocupa\u00e7\u00e3o s\u00f3 com o custo, s\u00f3 valor. Eu acho que esse \u00e9 o grande erro\u201d, afirmou. Para ela, pagar um pouco mais por uma contrata\u00e7\u00e3o com condi\u00e7\u00f5es mais adequadas pode reduzir riscos futuros e evitar preju\u00edzos.<\/p>\n\n\n\n<p>A mesma l\u00f3gica vale para empresas que acreditam que precisam aumentar as vendas para melhorar o faturamento. Antes de buscar mais clientes, segundo a especialista, \u00e9 necess\u00e1rio verificar se existem gargalos internos provocando perdas.<\/p>\n\n\n\n<p>\u201c\u00c0s vezes voc\u00ea n\u00e3o t\u00e1 faturando pouco por poucas vendas, voc\u00ea t\u00e1 perdendo dinheiro em v\u00e1rios outros gargalos que se voc\u00ea tivesse organizado voc\u00ea deixaria de perder\u201d, explicou.<\/p>\n\n\n\n<h2 class=\"wp-block-heading\">LGPD e intelig\u00eancia artificial e a necessidade de prote\u00e7\u00e3o<\/h2>\n\n\n\n<p>A transforma\u00e7\u00e3o digital tamb\u00e9m amplia os desafios jur\u00eddicos. Home office, trabalho h\u00edbrido, compartilhamento de informa\u00e7\u00f5es e uso de ferramentas de intelig\u00eancia artificial criaram novas situa\u00e7\u00f5es que precisam ser consideradas pelas empresas.<\/p>\n\n\n\n<p>Cris alertou que organiza\u00e7\u00f5es que trabalham intensamente com dados devem estabelecer crit\u00e9rios tecnol\u00f3gicos para evitar viola\u00e7\u00f5es, especialmente diante das obriga\u00e7\u00f5es relacionadas \u00e0 prote\u00e7\u00e3o de dados e confidencialidade.<\/p>\n\n\n\n<p>A advogada tamb\u00e9m destacou que contratos de trabalho precisam acompanhar a evolu\u00e7\u00e3o das fun\u00e7\u00f5es. Um profissional que inicialmente n\u00e3o tinha acesso a dados sens\u00edveis pode, depois de uma promo\u00e7\u00e3o, passar a lidar com informa\u00e7\u00f5es estrat\u00e9gicas.<\/p>\n\n\n\n<p>\u201cN\u00f3s temos que fazer um novo contrato com esse teu funcion\u00e1rio, buscando proteger os dados que voc\u00ea disponibiliza para ele atuar\u201d, explicou.<\/p>\n\n\n\n<p><strong><a href=\"https:\/\/www.jgtvpodcast.com\/?p=62\">A intelig\u00eancia artificial <\/a><\/strong>pode ser utilizada como ferramenta de apoio, mas n\u00e3o substitui a an\u00e1lise jur\u00eddica. Segundo Cris, sistemas de IA produzem respostas de acordo com os comandos recebidos e podem criar contratos aparentemente adequados, mas incompat\u00edveis com a legisla\u00e7\u00e3o ou com a realidade jur\u00eddica brasileira.<\/p>\n\n\n\n<p>\u201cEle faz o que voc\u00ea pede\u201d, afirmou. A especialista explicou que profissionais do Direito tamb\u00e9m utilizam essas ferramentas, mas sabem avaliar o que pode ou n\u00e3o ser aplicado.<\/p>\n\n\n\n<h2 class=\"wp-block-heading\">WhatsApp tamb\u00e9m pode gerar evid\u00eancias trabalhistas<\/h2>\n\n\n\n<p>A comunica\u00e7\u00e3o digital \u00e9 outro ponto que exige aten\u00e7\u00e3o. Segundo Cris, mensagens de WhatsApp podem ser utilizadas como prova em processos trabalhistas, inclusive para demonstrar hor\u00e1rios de trabalho.<\/p>\n\n\n\n<p>\u201cEla serve tanto para controle de muitas coisas, mas tamb\u00e9m serve para controle de prova se a gente precisar num processo\u201d, afirmou.<\/p>\n\n\n\n<p>Isso significa que empresas precisam estabelecer canais oficiais de comunica\u00e7\u00e3o e orientar gestores e funcion\u00e1rios sobre sua utiliza\u00e7\u00e3o. Uma mensagem enviada fora do hor\u00e1rio de trabalho pode ajudar a demonstrar que havia atividade profissional naquele per\u00edodo.<\/p>\n\n\n\n<p>A especialista defendeu, por isso, que empresas com equipes em home office ou regime h\u00edbrido adotem mecanismos de controle de jornada e estabele\u00e7am <strong><a href=\"https:\/\/www.jgtvpodcast.com\/?p=340\">regras claras para a comunica\u00e7\u00e3o<\/a><\/strong>.<\/p>\n\n\n\n<p>\u201cEu acho que isso \u00e9 importante a gente ter definir que o canal oficial vai ser esse e esse aquele e utilizar ele a partir de ent\u00e3o\u201d, explicou.<\/p>\n\n\n\n<h2 class=\"wp-block-heading\">NR-1 coloca documenta\u00e7\u00e3o no centro da preven\u00e7\u00e3o<\/h2>\n\n\n\n<p>A gest\u00e3o de riscos relacionados ao ambiente de trabalho tamb\u00e9m ganhou espa\u00e7o na entrevista. Ao <strong><a href=\"https:\/\/www.jgtvpodcast.com\/?p=282\">comentar a NR-1<\/a><\/strong>, Cris destacou a import\u00e2ncia da documenta\u00e7\u00e3o para demonstrar que a empresa adotou as medidas necess\u00e1rias.<\/p>\n\n\n\n<p>\u201cO grande trunfo da NR1 \u00e9 a exig\u00eancia da documenta\u00e7\u00e3o de tudo\u201d, afirmou.<\/p>\n\n\n\n<p>Na avalia\u00e7\u00e3o da advogada, manter registros de procedimentos, treinamentos, entrega de equipamentos e outras medidas de preven\u00e7\u00e3o ajuda a empresa a comprovar suas a\u00e7\u00f5es caso surja uma disputa judicial.<\/p>\n\n\n\n<p>O mesmo racioc\u00ednio pode ser aplicado a diferentes \u00e1reas da gest\u00e3o. \u201cVoc\u00ea tendo a comprova\u00e7\u00e3o de tudo, j\u00e1 te facilita\u201d, explicou.<\/p>\n\n\n\n<h2 class=\"wp-block-heading\">Ass\u00e9dio moral exige aten\u00e7\u00e3o \u00e0 forma de cobran\u00e7a<\/h2>\n\n\n\n<p>A rela\u00e7\u00e3o entre cobran\u00e7a de metas e ass\u00e9dio moral tamb\u00e9m foi discutida. Cris explicou que estabelecer metas, por si s\u00f3, n\u00e3o caracteriza ass\u00e9dio. O problema aparece quando a cobran\u00e7a envolve exposi\u00e7\u00e3o vexat\u00f3ria, humilha\u00e7\u00e3o ou metas deliberadamente imposs\u00edveis de serem alcan\u00e7adas.<\/p>\n\n\n\n<p>Entre os exemplos citados est\u00e1 a exposi\u00e7\u00e3o p\u00fablica de um funcion\u00e1rio que n\u00e3o atingiu determinada meta, especialmente quando acompanhada de compara\u00e7\u00f5es depreciativas com colegas. Outro cen\u00e1rio seria a cria\u00e7\u00e3o de metas que ningu\u00e9m consegue alcan\u00e7ar, acompanhadas de amea\u00e7as ou constrangimentos.<\/p>\n\n\n\n<p>\u201cOs pontos mais fortes de um ass\u00e9dio moral s\u00e3o esses casos, que voc\u00ea exp\u00f5e a pessoa de forma vexat\u00f3ria\u201d, explicou. Ela tamb\u00e9m destacou a import\u00e2ncia de que as metas sejam claras, formalizadas e aplicadas de maneira coerente aos profissionais que ocupam a mesma fun\u00e7\u00e3o.<\/p>\n\n\n\n<h2 class=\"wp-block-heading\">Pequenas empresas tamb\u00e9m podem buscar apoio jur\u00eddico<\/h2>\n\n\n\n<p>A necessidade de planejamento jur\u00eddico n\u00e3o se restringe \u00e0s grandes corpora\u00e7\u00f5es. Para Cris, pequenos e m\u00e9dios empreendedores tamb\u00e9m podem buscar profissionais ou escrit\u00f3rios para demandas espec\u00edficas, sem necessariamente manter um departamento jur\u00eddico interno.<\/p>\n\n\n\n<p>\u201cVoc\u00ea pode ter parceiros estrat\u00e9gicos\u201d, afirmou. Segundo ela, existem modelos de contrata\u00e7\u00e3o por demanda ou de assessoria mensal que permitem que o empreendedor tenha apoio para contratos e decis\u00f5es sem precisar estruturar um departamento pr\u00f3prio.<\/p>\n\n\n\n<p>A especialista tamb\u00e9m defendeu que o Direito precisa ser acess\u00edvel e adaptado \u00e0 <strong><a href=\"https:\/\/www.jgtvpodcast.com\/?p=677\">realidade de cada neg\u00f3cio<\/a><\/strong>. Para ela, o profissional jur\u00eddico n\u00e3o deve apenas burocratizar processos, mas compreender a opera\u00e7\u00e3o e encontrar solu\u00e7\u00f5es aplic\u00e1veis.<\/p>\n\n\n\n<p>\u201cEu tenho que me entender a realidade do cliente\u201d, afirmou.<\/p>\n\n\n\n<p>Essa vis\u00e3o tamb\u00e9m muda a rela\u00e7\u00e3o entre jur\u00eddico e empreendedor. Em vez de procurar um advogado somente depois de receber uma notifica\u00e7\u00e3o ou enfrentar um processo, a empresa pode utilizar o conhecimento jur\u00eddico como parte da estrat\u00e9gia de gest\u00e3o.<\/p>\n\n\n\n<p>No encerramento da entrevista, Cris refor\u00e7ou que o empreendedor n\u00e3o precisa dominar todos os detalhes da legisla\u00e7\u00e3o, mas deve assumir a responsabilidade de buscar informa\u00e7\u00e3o e apoio especializado.<\/p>\n\n\n\n<p>\u201cEnt\u00e3o, que eu acho que a gente tem que buscar um pouco de informa\u00e7\u00e3o tamb\u00e9m, fazer a nossa parte e n\u00e3o esperar que o estado v\u00e1 fazer pela gente\u201d, afirmou.<\/p>\n\n\n\n<p>Para a advogada, o crescimento sustent\u00e1vel passa justamente por essa combina\u00e7\u00e3o entre informa\u00e7\u00e3o, planejamento e suporte profissional. \u201cEu entendo que se voc\u00ea n\u00e3o consegue, por exemplo, aplicar um contrato para quem faz servi\u00e7o de RH, para uma pessoa que faz entrega log\u00edstica, por mais que voc\u00ea fale que voc\u00ea vai usar o mesmo modelo de contrato, \u00e9 totalmente diferente.\u201d<\/p>\n\n\n\n<p>Assim, o jur\u00eddico estrat\u00e9gico deixa de ser apenas uma ferramenta para lidar com conflitos e passa a ocupar um papel preventivo na gest\u00e3o. Ao antecipar riscos, revisar contratos, organizar processos e acompanhar mudan\u00e7as na legisla\u00e7\u00e3o, a empresa pode tomar decis\u00f5es com mais informa\u00e7\u00e3o e reduzir a possibilidade de que problemas jur\u00eddicos se transformem em preju\u00edzos financeiros.<\/p>\n\n\n\n<p><strong>Assista: <\/strong><\/p>\n\n\n\n<figure class=\"wp-block-embed is-type-video is-provider-youtube wp-block-embed-youtube wp-embed-aspect-16-9 wp-has-aspect-ratio\"><div class=\"wp-block-embed__wrapper\">\n<iframe loading=\"lazy\" title=\"JUR\u00cdDICO ESTRAT\u00c9GICO: COMO IR AL\u00c9M DA SEGURAN\u00c7A E IMPULSIONAR O SEU NEG\u00d3CIO | EP8 T3\" width=\"640\" height=\"360\" src=\"https:\/\/www.youtube.com\/embed\/B6--QkkfZOU?feature=oembed\" frameborder=\"0\" allow=\"accelerometer; autoplay; clipboard-write; encrypted-media; gyroscope; picture-in-picture; web-share\" referrerpolicy=\"strict-origin-when-cross-origin\" allowfullscreen><\/iframe>\n<\/div><\/figure>\n","protected":false},"excerpt":{"rendered":"<p>Entenda como o jur\u00eddico estrat\u00e9gico pode reduzir riscos, evitar preju\u00edzos e apoiar decis\u00f5es de empresas e profissionais.<\/p>\n","protected":false},"author":1,"featured_media":697,"comment_status":"open","ping_status":"open","sticky":false,"template":"","format":"standard","meta":{"footnotes":""},"categories":[17],"tags":[203,201,14,117,199,202,56,200],"class_list":["post-693","post","type-post","status-publish","format-standard","has-post-thumbnail","hentry","category-empreendedorismo","tag-assedio-moral","tag-compliance","tag-empreendedorismo","tag-gestao-empresarial","tag-juridico-estrategico","tag-lgpd","tag-nr-1","tag-seguranca-juridica"],"yoast_head":"<!-- This site is optimized with the Yoast SEO plugin v26.8 - https:\/\/yoast.com\/product\/yoast-seo-wordpress\/ -->\n<title>Jur\u00eddico estrat\u00e9gico pode evitar preju\u00edzos e proteger empresas<\/title>\n<meta name=\"description\" content=\"Entenda como o jur\u00eddico estrat\u00e9gico pode reduzir riscos, evitar preju\u00edzos e apoiar decis\u00f5es de empresas e profissionais.\" \/>\n<meta name=\"robots\" content=\"index, follow, max-snippet:-1, max-image-preview:large, max-video-preview:-1\" \/>\n<link rel=\"canonical\" href=\"https:\/\/jgtvpodcast.com\/?p=693\" \/>\n<meta property=\"og:locale\" content=\"pt_BR\" \/>\n<meta property=\"og:type\" content=\"article\" \/>\n<meta property=\"og:title\" content=\"Jur\u00eddico estrat\u00e9gico pode evitar preju\u00edzos e proteger empresas\" \/>\n<meta property=\"og:description\" content=\"Entenda como o jur\u00eddico estrat\u00e9gico pode reduzir riscos, evitar preju\u00edzos e apoiar decis\u00f5es de empresas e profissionais.\" \/>\n<meta property=\"og:url\" content=\"https:\/\/jgtvpodcast.com\/?p=693\" \/>\n<meta property=\"og:site_name\" content=\"JGTV - Programas e Not\u00edcias\" \/>\n<meta property=\"article:published_time\" content=\"2026-08-12T09:00:00+00:00\" \/>\n<meta property=\"article:modified_time\" content=\"2026-08-14T03:26:57+00:00\" \/>\n<meta property=\"og:image\" content=\"https:\/\/jgtvpodcast.com\/wp-content\/uploads\/2026\/08\/Cris.jpg\" \/>\n\t<meta property=\"og:image:width\" content=\"819\" \/>\n\t<meta property=\"og:image:height\" content=\"511\" \/>\n\t<meta property=\"og:image:type\" content=\"image\/jpeg\" \/>\n<meta name=\"author\" content=\"Reda\u00e7\u00e3o\" \/>\n<meta name=\"twitter:card\" content=\"summary_large_image\" \/>\n<meta name=\"twitter:label1\" content=\"Escrito por\" \/>\n\t<meta name=\"twitter:data1\" content=\"Reda\u00e7\u00e3o\" \/>\n\t<meta name=\"twitter:label2\" content=\"Est. tempo de leitura\" \/>\n\t<meta name=\"twitter:data2\" content=\"10 minutos\" \/>\n<script type=\"application\/ld+json\" class=\"yoast-schema-graph\">{\"@context\":\"https:\/\/schema.org\",\"@graph\":[{\"@type\":\"Article\",\"@id\":\"https:\/\/jgtvpodcast.com\/?p=693#article\",\"isPartOf\":{\"@id\":\"https:\/\/jgtvpodcast.com\/?p=693\"},\"author\":{\"name\":\"Reda\u00e7\u00e3o\",\"@id\":\"https:\/\/jgtv-programas-e-noticias.builderallwppro.com\/#\/schema\/person\/d46f8f8e2b57ff9866441e005ecd0252\"},\"headline\":\"Jur\u00eddico estrat\u00e9gico pode evitar preju\u00edzos e proteger empresas\",\"datePublished\":\"2026-08-12T09:00:00+00:00\",\"dateModified\":\"2026-08-14T03:26:57+00:00\",\"mainEntityOfPage\":{\"@id\":\"https:\/\/jgtvpodcast.com\/?p=693\"},\"wordCount\":1834,\"commentCount\":0,\"publisher\":{\"@id\":\"https:\/\/jgtv-programas-e-noticias.builderallwppro.com\/#organization\"},\"image\":{\"@id\":\"https:\/\/jgtvpodcast.com\/?p=693#primaryimage\"},\"thumbnailUrl\":\"https:\/\/jgtv-programas-e-noticias.builderallwppro.com\/wp-content\/uploads\/2026\/08\/Cris.jpg\",\"keywords\":[\"ass\u00e9dio moral\",\"compliance\",\"Empreendedorismo\",\"gest\u00e3o empresarial\",\"Jur\u00eddico estrat\u00e9gico\",\"LGPD\",\"NR-1\",\"seguran\u00e7a jur\u00eddica\"],\"articleSection\":[\"Empreendedorismo\"],\"inLanguage\":\"pt-BR\",\"potentialAction\":[{\"@type\":\"CommentAction\",\"name\":\"Comment\",\"target\":[\"https:\/\/jgtvpodcast.com\/?p=693#respond\"]}]},{\"@type\":\"WebPage\",\"@id\":\"https:\/\/jgtvpodcast.com\/?p=693\",\"url\":\"https:\/\/jgtvpodcast.com\/?p=693\",\"name\":\"Jur\u00eddico estrat\u00e9gico pode evitar preju\u00edzos e proteger empresas\",\"isPartOf\":{\"@id\":\"https:\/\/jgtv-programas-e-noticias.builderallwppro.com\/#website\"},\"primaryImageOfPage\":{\"@id\":\"https:\/\/jgtvpodcast.com\/?p=693#primaryimage\"},\"image\":{\"@id\":\"https:\/\/jgtvpodcast.com\/?p=693#primaryimage\"},\"thumbnailUrl\":\"https:\/\/jgtv-programas-e-noticias.builderallwppro.com\/wp-content\/uploads\/2026\/08\/Cris.jpg\",\"datePublished\":\"2026-08-12T09:00:00+00:00\",\"dateModified\":\"2026-08-14T03:26:57+00:00\",\"description\":\"Entenda como o jur\u00eddico estrat\u00e9gico pode reduzir riscos, evitar preju\u00edzos e apoiar decis\u00f5es de empresas e profissionais.\",\"breadcrumb\":{\"@id\":\"https:\/\/jgtvpodcast.com\/?p=693#breadcrumb\"},\"inLanguage\":\"pt-BR\",\"potentialAction\":[{\"@type\":\"ReadAction\",\"target\":[\"https:\/\/jgtvpodcast.com\/?p=693\"]}]},{\"@type\":\"ImageObject\",\"inLanguage\":\"pt-BR\",\"@id\":\"https:\/\/jgtvpodcast.com\/?p=693#primaryimage\",\"url\":\"https:\/\/jgtv-programas-e-noticias.builderallwppro.com\/wp-content\/uploads\/2026\/08\/Cris.jpg\",\"contentUrl\":\"https:\/\/jgtv-programas-e-noticias.builderallwppro.com\/wp-content\/uploads\/2026\/08\/Cris.jpg\",\"width\":819,\"height\":511},{\"@type\":\"BreadcrumbList\",\"@id\":\"https:\/\/jgtvpodcast.com\/?p=693#breadcrumb\",\"itemListElement\":[{\"@type\":\"ListItem\",\"position\":1,\"name\":\"In\u00edcio\",\"item\":\"https:\/\/jgtv-programas-e-noticias.builderallwppro.com\/\"},{\"@type\":\"ListItem\",\"position\":2,\"name\":\"Jur\u00eddico estrat\u00e9gico pode evitar preju\u00edzos e proteger empresas\"}]},{\"@type\":\"WebSite\",\"@id\":\"https:\/\/jgtv-programas-e-noticias.builderallwppro.com\/#website\",\"url\":\"https:\/\/jgtv-programas-e-noticias.builderallwppro.com\/\",\"name\":\"JGTV - Programas e Not\u00edcias\",\"description\":\"Podcasts para Profissionais e Empreendedores - Personalidades, informa\u00e7\u00e3o e conhecimento relacionados a carreira, gest\u00e3o, neg\u00f3cios, desenvolvimento pessoal e lifestyle equilibrado entre vida e trabalho!\",\"publisher\":{\"@id\":\"https:\/\/jgtv-programas-e-noticias.builderallwppro.com\/#organization\"},\"potentialAction\":[{\"@type\":\"SearchAction\",\"target\":{\"@type\":\"EntryPoint\",\"urlTemplate\":\"https:\/\/jgtv-programas-e-noticias.builderallwppro.com\/?s={search_term_string}\"},\"query-input\":{\"@type\":\"PropertyValueSpecification\",\"valueRequired\":true,\"valueName\":\"search_term_string\"}}],\"inLanguage\":\"pt-BR\"},{\"@type\":\"Organization\",\"@id\":\"https:\/\/jgtv-programas-e-noticias.builderallwppro.com\/#organization\",\"name\":\"JGTV - Programas e Not\u00edcias\",\"url\":\"https:\/\/jgtv-programas-e-noticias.builderallwppro.com\/\",\"logo\":{\"@type\":\"ImageObject\",\"inLanguage\":\"pt-BR\",\"@id\":\"https:\/\/jgtv-programas-e-noticias.builderallwppro.com\/#\/schema\/logo\/image\/\",\"url\":\"https:\/\/jgtv-programas-e-noticias.builderallwppro.com\/wp-content\/uploads\/2026\/01\/cropped-logoJGTV-1.png\",\"contentUrl\":\"https:\/\/jgtv-programas-e-noticias.builderallwppro.com\/wp-content\/uploads\/2026\/01\/cropped-logoJGTV-1.png\",\"width\":1918,\"height\":1080,\"caption\":\"JGTV  - Programas e Not\u00edcias\"},\"image\":{\"@id\":\"https:\/\/jgtv-programas-e-noticias.builderallwppro.com\/#\/schema\/logo\/image\/\"}},{\"@type\":\"Person\",\"@id\":\"https:\/\/jgtv-programas-e-noticias.builderallwppro.com\/#\/schema\/person\/d46f8f8e2b57ff9866441e005ecd0252\",\"name\":\"Reda\u00e7\u00e3o\",\"image\":{\"@type\":\"ImageObject\",\"inLanguage\":\"pt-BR\",\"@id\":\"https:\/\/jgtv-programas-e-noticias.builderallwppro.com\/#\/schema\/person\/image\/\",\"url\":\"https:\/\/secure.gravatar.com\/avatar\/265d249c158d6f9d93f673b7d9bf94f6bba6a8160d079283a23ff922448e4e81?s=96&d=mm&r=g\",\"contentUrl\":\"https:\/\/secure.gravatar.com\/avatar\/265d249c158d6f9d93f673b7d9bf94f6bba6a8160d079283a23ff922448e4e81?s=96&d=mm&r=g\",\"caption\":\"Reda\u00e7\u00e3o\"},\"description\":\"Reda\u00e7\u00e3o\",\"sameAs\":[\"https:\/\/jgtv-programas-e-noticias.builderallwppro.com\"],\"url\":\"https:\/\/jgtv-programas-e-noticias.builderallwppro.com\/?author=1\"}]}<\/script>\n<!-- \/ Yoast SEO plugin. -->","yoast_head_json":{"title":"Jur\u00eddico estrat\u00e9gico pode evitar preju\u00edzos e proteger empresas","description":"Entenda como o jur\u00eddico estrat\u00e9gico pode reduzir riscos, evitar preju\u00edzos e apoiar decis\u00f5es de empresas e profissionais.","robots":{"index":"index","follow":"follow","max-snippet":"max-snippet:-1","max-image-preview":"max-image-preview:large","max-video-preview":"max-video-preview:-1"},"canonical":"https:\/\/jgtvpodcast.com\/?p=693","og_locale":"pt_BR","og_type":"article","og_title":"Jur\u00eddico estrat\u00e9gico pode evitar preju\u00edzos e proteger empresas","og_description":"Entenda como o jur\u00eddico estrat\u00e9gico pode reduzir riscos, evitar preju\u00edzos e apoiar decis\u00f5es de empresas e profissionais.","og_url":"https:\/\/jgtvpodcast.com\/?p=693","og_site_name":"JGTV - Programas e Not\u00edcias","article_published_time":"2026-08-12T09:00:00+00:00","article_modified_time":"2026-08-14T03:26:57+00:00","og_image":[{"width":819,"height":511,"url":"https:\/\/jgtvpodcast.com\/wp-content\/uploads\/2026\/08\/Cris.jpg","type":"image\/jpeg"}],"author":"Reda\u00e7\u00e3o","twitter_card":"summary_large_image","twitter_misc":{"Escrito por":"Reda\u00e7\u00e3o","Est. tempo de leitura":"10 minutos"},"schema":{"@context":"https:\/\/schema.org","@graph":[{"@type":"Article","@id":"https:\/\/jgtvpodcast.com\/?p=693#article","isPartOf":{"@id":"https:\/\/jgtvpodcast.com\/?p=693"},"author":{"name":"Reda\u00e7\u00e3o","@id":"https:\/\/jgtv-programas-e-noticias.builderallwppro.com\/#\/schema\/person\/d46f8f8e2b57ff9866441e005ecd0252"},"headline":"Jur\u00eddico estrat\u00e9gico pode evitar preju\u00edzos e proteger empresas","datePublished":"2026-08-12T09:00:00+00:00","dateModified":"2026-08-14T03:26:57+00:00","mainEntityOfPage":{"@id":"https:\/\/jgtvpodcast.com\/?p=693"},"wordCount":1834,"commentCount":0,"publisher":{"@id":"https:\/\/jgtv-programas-e-noticias.builderallwppro.com\/#organization"},"image":{"@id":"https:\/\/jgtvpodcast.com\/?p=693#primaryimage"},"thumbnailUrl":"https:\/\/jgtv-programas-e-noticias.builderallwppro.com\/wp-content\/uploads\/2026\/08\/Cris.jpg","keywords":["ass\u00e9dio moral","compliance","Empreendedorismo","gest\u00e3o empresarial","Jur\u00eddico estrat\u00e9gico","LGPD","NR-1","seguran\u00e7a jur\u00eddica"],"articleSection":["Empreendedorismo"],"inLanguage":"pt-BR","potentialAction":[{"@type":"CommentAction","name":"Comment","target":["https:\/\/jgtvpodcast.com\/?p=693#respond"]}]},{"@type":"WebPage","@id":"https:\/\/jgtvpodcast.com\/?p=693","url":"https:\/\/jgtvpodcast.com\/?p=693","name":"Jur\u00eddico estrat\u00e9gico pode evitar preju\u00edzos e proteger empresas","isPartOf":{"@id":"https:\/\/jgtv-programas-e-noticias.builderallwppro.com\/#website"},"primaryImageOfPage":{"@id":"https:\/\/jgtvpodcast.com\/?p=693#primaryimage"},"image":{"@id":"https:\/\/jgtvpodcast.com\/?p=693#primaryimage"},"thumbnailUrl":"https:\/\/jgtv-programas-e-noticias.builderallwppro.com\/wp-content\/uploads\/2026\/08\/Cris.jpg","datePublished":"2026-08-12T09:00:00+00:00","dateModified":"2026-08-14T03:26:57+00:00","description":"Entenda como o jur\u00eddico estrat\u00e9gico pode reduzir riscos, evitar preju\u00edzos e apoiar decis\u00f5es de empresas e profissionais.","breadcrumb":{"@id":"https:\/\/jgtvpodcast.com\/?p=693#breadcrumb"},"inLanguage":"pt-BR","potentialAction":[{"@type":"ReadAction","target":["https:\/\/jgtvpodcast.com\/?p=693"]}]},{"@type":"ImageObject","inLanguage":"pt-BR","@id":"https:\/\/jgtvpodcast.com\/?p=693#primaryimage","url":"https:\/\/jgtv-programas-e-noticias.builderallwppro.com\/wp-content\/uploads\/2026\/08\/Cris.jpg","contentUrl":"https:\/\/jgtv-programas-e-noticias.builderallwppro.com\/wp-content\/uploads\/2026\/08\/Cris.jpg","width":819,"height":511},{"@type":"BreadcrumbList","@id":"https:\/\/jgtvpodcast.com\/?p=693#breadcrumb","itemListElement":[{"@type":"ListItem","position":1,"name":"In\u00edcio","item":"https:\/\/jgtv-programas-e-noticias.builderallwppro.com\/"},{"@type":"ListItem","position":2,"name":"Jur\u00eddico estrat\u00e9gico pode evitar preju\u00edzos e proteger empresas"}]},{"@type":"WebSite","@id":"https:\/\/jgtv-programas-e-noticias.builderallwppro.com\/#website","url":"https:\/\/jgtv-programas-e-noticias.builderallwppro.com\/","name":"JGTV - Programas e Not\u00edcias","description":"Podcasts para Profissionais e Empreendedores - Personalidades, informa\u00e7\u00e3o e conhecimento relacionados a carreira, gest\u00e3o, neg\u00f3cios, desenvolvimento pessoal e lifestyle equilibrado entre vida e trabalho!","publisher":{"@id":"https:\/\/jgtv-programas-e-noticias.builderallwppro.com\/#organization"},"potentialAction":[{"@type":"SearchAction","target":{"@type":"EntryPoint","urlTemplate":"https:\/\/jgtv-programas-e-noticias.builderallwppro.com\/?s={search_term_string}"},"query-input":{"@type":"PropertyValueSpecification","valueRequired":true,"valueName":"search_term_string"}}],"inLanguage":"pt-BR"},{"@type":"Organization","@id":"https:\/\/jgtv-programas-e-noticias.builderallwppro.com\/#organization","name":"JGTV - Programas e Not\u00edcias","url":"https:\/\/jgtv-programas-e-noticias.builderallwppro.com\/","logo":{"@type":"ImageObject","inLanguage":"pt-BR","@id":"https:\/\/jgtv-programas-e-noticias.builderallwppro.com\/#\/schema\/logo\/image\/","url":"https:\/\/jgtv-programas-e-noticias.builderallwppro.com\/wp-content\/uploads\/2026\/01\/cropped-logoJGTV-1.png","contentUrl":"https:\/\/jgtv-programas-e-noticias.builderallwppro.com\/wp-content\/uploads\/2026\/01\/cropped-logoJGTV-1.png","width":1918,"height":1080,"caption":"JGTV  - Programas e Not\u00edcias"},"image":{"@id":"https:\/\/jgtv-programas-e-noticias.builderallwppro.com\/#\/schema\/logo\/image\/"}},{"@type":"Person","@id":"https:\/\/jgtv-programas-e-noticias.builderallwppro.com\/#\/schema\/person\/d46f8f8e2b57ff9866441e005ecd0252","name":"Reda\u00e7\u00e3o","image":{"@type":"ImageObject","inLanguage":"pt-BR","@id":"https:\/\/jgtv-programas-e-noticias.builderallwppro.com\/#\/schema\/person\/image\/","url":"https:\/\/secure.gravatar.com\/avatar\/265d249c158d6f9d93f673b7d9bf94f6bba6a8160d079283a23ff922448e4e81?s=96&d=mm&r=g","contentUrl":"https:\/\/secure.gravatar.com\/avatar\/265d249c158d6f9d93f673b7d9bf94f6bba6a8160d079283a23ff922448e4e81?s=96&d=mm&r=g","caption":"Reda\u00e7\u00e3o"},"description":"Reda\u00e7\u00e3o","sameAs":["https:\/\/jgtv-programas-e-noticias.builderallwppro.com"],"url":"https:\/\/jgtv-programas-e-noticias.builderallwppro.com\/?author=1"}]}},"_links":{"self":[{"href":"https:\/\/jgtv-programas-e-noticias.builderallwppro.com\/index.php?rest_route=\/wp\/v2\/posts\/693","targetHints":{"allow":["GET"]}}],"collection":[{"href":"https:\/\/jgtv-programas-e-noticias.builderallwppro.com\/index.php?rest_route=\/wp\/v2\/posts"}],"about":[{"href":"https:\/\/jgtv-programas-e-noticias.builderallwppro.com\/index.php?rest_route=\/wp\/v2\/types\/post"}],"author":[{"embeddable":true,"href":"https:\/\/jgtv-programas-e-noticias.builderallwppro.com\/index.php?rest_route=\/wp\/v2\/users\/1"}],"replies":[{"embeddable":true,"href":"https:\/\/jgtv-programas-e-noticias.builderallwppro.com\/index.php?rest_route=%2Fwp%2Fv2%2Fcomments&post=693"}],"version-history":[{"count":5,"href":"https:\/\/jgtv-programas-e-noticias.builderallwppro.com\/index.php?rest_route=\/wp\/v2\/posts\/693\/revisions"}],"predecessor-version":[{"id":710,"href":"https:\/\/jgtv-programas-e-noticias.builderallwppro.com\/index.php?rest_route=\/wp\/v2\/posts\/693\/revisions\/710"}],"wp:featuredmedia":[{"embeddable":true,"href":"https:\/\/jgtv-programas-e-noticias.builderallwppro.com\/index.php?rest_route=\/wp\/v2\/media\/697"}],"wp:attachment":[{"href":"https:\/\/jgtv-programas-e-noticias.builderallwppro.com\/index.php?rest_route=%2Fwp%2Fv2%2Fmedia&parent=693"}],"wp:term":[{"taxonomy":"category","embeddable":true,"href":"https:\/\/jgtv-programas-e-noticias.builderallwppro.com\/index.php?rest_route=%2Fwp%2Fv2%2Fcategories&post=693"},{"taxonomy":"post_tag","embeddable":true,"href":"https:\/\/jgtv-programas-e-noticias.builderallwppro.com\/index.php?rest_route=%2Fwp%2Fv2%2Ftags&post=693"}],"curies":[{"name":"wp","href":"https:\/\/api.w.org\/{rel}","templated":true}]}}