{"id":667,"date":"2026-08-17T06:00:00","date_gmt":"2026-08-17T09:00:00","guid":{"rendered":"https:\/\/jgtvpodcast.com\/?p=667"},"modified":"2026-08-13T19:30:18","modified_gmt":"2026-08-13T22:30:18","slug":"pmes-pisam-no-freio-e-527-nao-planejam-novas-contratacoes","status":"publish","type":"post","link":"https:\/\/jgtv-programas-e-noticias.builderallwppro.com\/?p=667","title":{"rendered":"PMEs pisam no freio e 52,7% n\u00e3o planejam novas contrata\u00e7\u00f5es"},"content":{"rendered":"\n<p>O mercado de trabalho das pequenas e m\u00e9dias empresas (PMEs) brasileiras deve manter um ritmo de contrata\u00e7\u00e3o mais moderado nos pr\u00f3ximos 12 meses. \u00c9 o que aponta uma pesquisa da Serasa Experian com 1.437 empresas de todo o pa\u00eds.<\/p>\n\n\n\n<p>Segundo o levantamento, <strong>52,7% das PMEs n\u00e3o pretendem ampliar o quadro de funcion\u00e1rios<\/strong> no per\u00edodo. Outros 26% ainda n\u00e3o decidiram se v\u00e3o contratar, enquanto 21,3% afirmam que planejam aumentar suas equipes.<\/p>\n\n\n\n<p>Os dados indicam um cen\u00e1rio no qual boa parte dos pequenos e m\u00e9dios neg\u00f3cios prefere manter a estrutura atual enquanto avalia as <strong><a href=\"https:\/\/www.jgtvpodcast.com\/?p=424\">condi\u00e7\u00f5es financeiras<\/a><\/strong> e as necessidades de expans\u00e3o.<\/p>\n\n\n\n<h2 class=\"wp-block-heading\">Profissionais qualificados s\u00e3o desafio para as PMEs<\/h2>\n\n\n\n<p>Entre as empresas que pretendem contratar, encontrar trabalhadores com as compet\u00eancias necess\u00e1rias aparece como o principal obst\u00e1culo.<\/p>\n\n\n\n<p>A dificuldade foi apontada por <strong>34,3% das PMEs que planejam ampliar suas equipes<\/strong>. Na sequ\u00eancia aparecem as limita\u00e7\u00f5es financeiras, mencionadas por 10,7% dos entrevistados, e o custo de contrata\u00e7\u00e3o, citado por 8,8%.<\/p>\n\n\n\n<p>Outros desafios identificados pela pesquisa s\u00e3o a baixa atratividade das vagas, com 8,7%; a falta de tempo para conduzir processos seletivos, com 5,3%; e as burocracias relacionadas \u00e0 contrata\u00e7\u00e3o, tamb\u00e9m mencionadas por 5,3%.<\/p>\n\n\n\n<p>O cen\u00e1rio mostra que a decis\u00e3o de contratar n\u00e3o depende apenas da exist\u00eancia de vagas. Para as empresas interessadas em crescer, a disponibilidade de <strong><a href=\"https:\/\/www.jgtvpodcast.com\/?p=569\">profissionais qualificados <\/a><\/strong>tamb\u00e9m se tornou uma quest\u00e3o estrat\u00e9gica.<\/p>\n\n\n\n<p>A amplia\u00e7\u00e3o do quadro de funcion\u00e1rios por meio de contrata\u00e7\u00f5es permanentes \u00e9 o principal modelo considerado pelas PMEs que pretendem contratar.<\/p>\n\n\n\n<p>De acordo com o levantamento, <strong>14,7% dos entrevistados pretendem ampliar a equipe fixa<\/strong>. Outros 3,3% planejam recorrer exclusivamente a profissionais aut\u00f4nomos ou freelancers, enquanto 3,3% devem combinar contrata\u00e7\u00f5es formais com modelos mais flex\u00edveis.<\/p>\n\n\n\n<p>A escolha demonstra que diferentes formatos de trabalho podem fazer parte da estrat\u00e9gia das pequenas e m\u00e9dias empresas para adequar custos e <strong><a href=\"https:\/\/www.jgtvpodcast.com\/?p=526\">capacidade operacional<\/a><\/strong> \u00e0s necessidades de cada neg\u00f3cio.<\/p>\n\n\n\n<h2 class=\"wp-block-heading\">Opera\u00e7\u00e3o e produ\u00e7\u00e3o lideram demanda por trabalhadores<\/h2>\n\n\n\n<p>A necessidade de contrata\u00e7\u00e3o tamb\u00e9m varia conforme a \u00e1rea de atua\u00e7\u00e3o. Entre as PMEs que planejam ampliar suas equipes, <strong>opera\u00e7\u00e3o e produ\u00e7\u00e3o concentram a maior demanda<\/strong>, com 19,9% das respostas.<\/p>\n\n\n\n<p>O atendimento ao cliente aparece em segundo lugar, com 18,4%, seguido pelas \u00e1reas comercial e de vendas, com 11,9%.<\/p>\n\n\n\n<p>Na sequ\u00eancia est\u00e3o:<\/p>\n\n\n\n<ul class=\"wp-block-list\">\n<li>Administrativo: 10%;<\/li>\n\n\n\n<li>Tecnologia da Informa\u00e7\u00e3o: 6,5%;<\/li>\n\n\n\n<li>Log\u00edstica: 5,3%;<\/li>\n\n\n\n<li>Financeiro: 3,9%;<\/li>\n\n\n\n<li>Recursos Humanos: 2,5%.<\/li>\n<\/ul>\n\n\n\n<p>Os n\u00fameros mostram que a demanda por m\u00e3o de obra est\u00e1 concentrada principalmente em \u00e1reas diretamente relacionadas \u00e0 opera\u00e7\u00e3o, ao relacionamento com clientes e \u00e0 gera\u00e7\u00e3o de neg\u00f3cios.<\/p>\n\n\n\n<h2 class=\"wp-block-heading\">Planejamento financeiro antecede novas contrata\u00e7\u00f5es<\/h2>\n\n\n\n<p>Para empresas que avaliam ampliar o quadro, conhecer os custos envolvidos na contrata\u00e7\u00e3o \u00e9 uma etapa importante do planejamento.<\/p>\n\n\n\n<p>Sal\u00e1rios, benef\u00edcios, encargos e demais despesas relacionadas aos funcion\u00e1rios precisam ser considerados antes da decis\u00e3o de aumentar a equipe. O controle desses valores tamb\u00e9m permite avaliar o impacto da folha de pagamento sobre o fluxo financeiro do neg\u00f3cio.<\/p>\n\n\n\n<p>A amplia\u00e7\u00e3o do quadro de funcion\u00e1rios est\u00e1 diretamente relacionada ao momento de cada empresa. Para neg\u00f3cios que pretendem crescer, entretanto, o desafio n\u00e3o termina na abertura de uma vaga.<\/p>\n\n\n\n<p>A pesquisa da Serasa Experian mostra que encontrar profissionais qualificados \u00e9 atualmente o principal obst\u00e1culo entre as PMEs que pretendem contratar. Por isso, planejamento financeiro, defini\u00e7\u00e3o das compet\u00eancias necess\u00e1rias e estrutura\u00e7\u00e3o dos processos seletivos passam a fazer parte da mesma estrat\u00e9gia.<\/p>\n\n\n\n<p>O levantamento refor\u00e7a ainda que acompanhar os custos da folha pode <strong><a href=\"https:\/\/www.jgtvpodcast.com\/?p=398\">ajudar o empreendedor<\/a><\/strong> a decidir quando manter a estrutura existente e quando uma nova contrata\u00e7\u00e3o pode ser compat\u00edvel com a realidade financeira do neg\u00f3cio.<\/p>\n\n\n\n<h2 class=\"wp-block-heading\">Metodologia da pesquisa<\/h2>\n\n\n\n<p>A pesquisa da Serasa Experian foi realizada entre <strong>junho e julho de 2026<\/strong>, com 1.437 pequenas e m\u00e9dias empresas de diferentes regi\u00f5es do Brasil.<\/p>\n\n\n\n<p>A amostra teve predomin\u00e2ncia de empresas de pequeno porte e neg\u00f3cios dos setores de com\u00e9rcio e servi\u00e7os. As perguntas sobre desafios e \u00e1reas de contrata\u00e7\u00e3o foram respondidas exclusivamente pelas empresas que declararam ter inten\u00e7\u00e3o de <strong><a href=\"https:\/\/www.jgtvpodcast.com\/?p=355\">ampliar suas equipes<\/a><\/strong>.<\/p>\n\n\n\n<p>Os resultados oferecem um retrato das expectativas das PMEs brasileiras em rela\u00e7\u00e3o \u00e0 forma\u00e7\u00e3o de equipes para os pr\u00f3ximos 12 meses e mostram que, apesar de uma parcela dos neg\u00f3cios planejar novas contrata\u00e7\u00f5es, a maioria ainda deve manter o quadro atual.<\/p>\n","protected":false},"excerpt":{"rendered":"<p>Mercado mostra-se cauteloso com mais da metade das pequenas e m\u00e9dias empresas retra\u00eddas em ampliar suas equipes nos pr\u00f3ximos 12 meses. <\/p>\n","protected":false},"author":1,"featured_media":672,"comment_status":"open","ping_status":"open","sticky":false,"template":"","format":"standard","meta":{"footnotes":""},"categories":[23],"tags":[191,81,80,151,51,190,192],"class_list":["post-667","post","type-post","status-publish","format-standard","has-post-thumbnail","hentry","category-geral","tag-contratacao","tag-gestao-de-pessoas","tag-mercado-de-trabalho","tag-pequenas-e-medias-empresas","tag-planejamento-financeiro","tag-pmes","tag-profissionais-qualificados"],"yoast_head":"<!-- This site is optimized with the Yoast SEO plugin v26.8 - https:\/\/yoast.com\/product\/yoast-seo-wordpress\/ -->\n<title>PMEs pisam no freio e 52,7% n\u00e3o planejam novas contrata\u00e7\u00f5es<\/title>\n<meta name=\"description\" content=\"Mercado mostra-se cauteloso com mais da metade das pequenas e m\u00e9dias empresas retra\u00eddas em ampliar suas equipes nos pr\u00f3ximos 12 meses.\" \/>\n<meta name=\"robots\" content=\"index, follow, max-snippet:-1, max-image-preview:large, max-video-preview:-1\" \/>\n<link rel=\"canonical\" href=\"https:\/\/jgtvpodcast.com\/?p=667\" \/>\n<meta property=\"og:locale\" content=\"pt_BR\" \/>\n<meta property=\"og:type\" content=\"article\" \/>\n<meta property=\"og:title\" content=\"PMEs pisam no freio e 52,7% n\u00e3o planejam novas contrata\u00e7\u00f5es\" \/>\n<meta property=\"og:description\" content=\"Mercado mostra-se cauteloso com mais da metade das pequenas e m\u00e9dias empresas retra\u00eddas em ampliar suas equipes nos pr\u00f3ximos 12 meses.\" \/>\n<meta property=\"og:url\" content=\"https:\/\/jgtvpodcast.com\/?p=667\" \/>\n<meta property=\"og:site_name\" content=\"JGTV - Programas e Not\u00edcias\" \/>\n<meta property=\"article:published_time\" content=\"2026-08-17T09:00:00+00:00\" \/>\n<meta property=\"og:image\" content=\"https:\/\/jgtvpodcast.com\/wp-content\/uploads\/2026\/08\/Contratacao-Pexels.com-tima-miroshnichenko-scaled.jpg\" \/>\n\t<meta property=\"og:image:width\" content=\"2560\" \/>\n\t<meta property=\"og:image:height\" content=\"1707\" \/>\n\t<meta property=\"og:image:type\" content=\"image\/jpeg\" \/>\n<meta name=\"author\" content=\"Reda\u00e7\u00e3o\" \/>\n<meta name=\"twitter:card\" content=\"summary_large_image\" \/>\n<meta name=\"twitter:label1\" content=\"Escrito por\" \/>\n\t<meta name=\"twitter:data1\" content=\"Reda\u00e7\u00e3o\" \/>\n\t<meta name=\"twitter:label2\" content=\"Est. tempo de leitura\" \/>\n\t<meta name=\"twitter:data2\" content=\"4 minutos\" \/>\n<script type=\"application\/ld+json\" class=\"yoast-schema-graph\">{\"@context\":\"https:\/\/schema.org\",\"@graph\":[{\"@type\":\"Article\",\"@id\":\"https:\/\/jgtvpodcast.com\/?p=667#article\",\"isPartOf\":{\"@id\":\"https:\/\/jgtvpodcast.com\/?p=667\"},\"author\":{\"name\":\"Reda\u00e7\u00e3o\",\"@id\":\"https:\/\/jgtv-programas-e-noticias.builderallwppro.com\/#\/schema\/person\/d46f8f8e2b57ff9866441e005ecd0252\"},\"headline\":\"PMEs pisam no freio e 52,7% n\u00e3o planejam novas contrata\u00e7\u00f5es\",\"datePublished\":\"2026-08-17T09:00:00+00:00\",\"mainEntityOfPage\":{\"@id\":\"https:\/\/jgtvpodcast.com\/?p=667\"},\"wordCount\":745,\"commentCount\":0,\"publisher\":{\"@id\":\"https:\/\/jgtv-programas-e-noticias.builderallwppro.com\/#organization\"},\"image\":{\"@id\":\"https:\/\/jgtvpodcast.com\/?p=667#primaryimage\"},\"thumbnailUrl\":\"https:\/\/jgtv-programas-e-noticias.builderallwppro.com\/wp-content\/uploads\/2026\/08\/Contratacao-Pexels.com-tima-miroshnichenko-scaled.jpg\",\"keywords\":[\"contrata\u00e7\u00e3o\",\"gest\u00e3o de pessoas\",\"mercado de trabalho\",\"pequenas e m\u00e9dias empresas\",\"planejamento financeiro\",\"PMEs\",\"profissionais qualificados\"],\"articleSection\":[\"Geral\"],\"inLanguage\":\"pt-BR\",\"potentialAction\":[{\"@type\":\"CommentAction\",\"name\":\"Comment\",\"target\":[\"https:\/\/jgtvpodcast.com\/?p=667#respond\"]}]},{\"@type\":\"WebPage\",\"@id\":\"https:\/\/jgtvpodcast.com\/?p=667\",\"url\":\"https:\/\/jgtvpodcast.com\/?p=667\",\"name\":\"PMEs pisam no freio e 52,7% n\u00e3o planejam novas contrata\u00e7\u00f5es\",\"isPartOf\":{\"@id\":\"https:\/\/jgtv-programas-e-noticias.builderallwppro.com\/#website\"},\"primaryImageOfPage\":{\"@id\":\"https:\/\/jgtvpodcast.com\/?p=667#primaryimage\"},\"image\":{\"@id\":\"https:\/\/jgtvpodcast.com\/?p=667#primaryimage\"},\"thumbnailUrl\":\"https:\/\/jgtv-programas-e-noticias.builderallwppro.com\/wp-content\/uploads\/2026\/08\/Contratacao-Pexels.com-tima-miroshnichenko-scaled.jpg\",\"datePublished\":\"2026-08-17T09:00:00+00:00\",\"description\":\"Mercado mostra-se cauteloso com mais da metade das pequenas e m\u00e9dias empresas retra\u00eddas em ampliar suas equipes nos pr\u00f3ximos 12 meses.\",\"breadcrumb\":{\"@id\":\"https:\/\/jgtvpodcast.com\/?p=667#breadcrumb\"},\"inLanguage\":\"pt-BR\",\"potentialAction\":[{\"@type\":\"ReadAction\",\"target\":[\"https:\/\/jgtvpodcast.com\/?p=667\"]}]},{\"@type\":\"ImageObject\",\"inLanguage\":\"pt-BR\",\"@id\":\"https:\/\/jgtvpodcast.com\/?p=667#primaryimage\",\"url\":\"https:\/\/jgtv-programas-e-noticias.builderallwppro.com\/wp-content\/uploads\/2026\/08\/Contratacao-Pexels.com-tima-miroshnichenko-scaled.jpg\",\"contentUrl\":\"https:\/\/jgtv-programas-e-noticias.builderallwppro.com\/wp-content\/uploads\/2026\/08\/Contratacao-Pexels.com-tima-miroshnichenko-scaled.jpg\",\"width\":2560,\"height\":1707,\"caption\":\"Cr\u00e9dito imagem - Pexels.com -tima-miroshnichenko\"},{\"@type\":\"BreadcrumbList\",\"@id\":\"https:\/\/jgtvpodcast.com\/?p=667#breadcrumb\",\"itemListElement\":[{\"@type\":\"ListItem\",\"position\":1,\"name\":\"In\u00edcio\",\"item\":\"https:\/\/jgtv-programas-e-noticias.builderallwppro.com\/\"},{\"@type\":\"ListItem\",\"position\":2,\"name\":\"PMEs pisam no freio e 52,7% n\u00e3o planejam novas contrata\u00e7\u00f5es\"}]},{\"@type\":\"WebSite\",\"@id\":\"https:\/\/jgtv-programas-e-noticias.builderallwppro.com\/#website\",\"url\":\"https:\/\/jgtv-programas-e-noticias.builderallwppro.com\/\",\"name\":\"JGTV - Programas e Not\u00edcias\",\"description\":\"Podcasts para Profissionais e Empreendedores - Personalidades, informa\u00e7\u00e3o e conhecimento relacionados a carreira, gest\u00e3o, neg\u00f3cios, desenvolvimento pessoal e lifestyle equilibrado entre vida e trabalho!\",\"publisher\":{\"@id\":\"https:\/\/jgtv-programas-e-noticias.builderallwppro.com\/#organization\"},\"potentialAction\":[{\"@type\":\"SearchAction\",\"target\":{\"@type\":\"EntryPoint\",\"urlTemplate\":\"https:\/\/jgtv-programas-e-noticias.builderallwppro.com\/?s={search_term_string}\"},\"query-input\":{\"@type\":\"PropertyValueSpecification\",\"valueRequired\":true,\"valueName\":\"search_term_string\"}}],\"inLanguage\":\"pt-BR\"},{\"@type\":\"Organization\",\"@id\":\"https:\/\/jgtv-programas-e-noticias.builderallwppro.com\/#organization\",\"name\":\"JGTV - Programas e Not\u00edcias\",\"url\":\"https:\/\/jgtv-programas-e-noticias.builderallwppro.com\/\",\"logo\":{\"@type\":\"ImageObject\",\"inLanguage\":\"pt-BR\",\"@id\":\"https:\/\/jgtv-programas-e-noticias.builderallwppro.com\/#\/schema\/logo\/image\/\",\"url\":\"https:\/\/jgtv-programas-e-noticias.builderallwppro.com\/wp-content\/uploads\/2026\/01\/cropped-logoJGTV-1.png\",\"contentUrl\":\"https:\/\/jgtv-programas-e-noticias.builderallwppro.com\/wp-content\/uploads\/2026\/01\/cropped-logoJGTV-1.png\",\"width\":1918,\"height\":1080,\"caption\":\"JGTV  - Programas e Not\u00edcias\"},\"image\":{\"@id\":\"https:\/\/jgtv-programas-e-noticias.builderallwppro.com\/#\/schema\/logo\/image\/\"}},{\"@type\":\"Person\",\"@id\":\"https:\/\/jgtv-programas-e-noticias.builderallwppro.com\/#\/schema\/person\/d46f8f8e2b57ff9866441e005ecd0252\",\"name\":\"Reda\u00e7\u00e3o\",\"image\":{\"@type\":\"ImageObject\",\"inLanguage\":\"pt-BR\",\"@id\":\"https:\/\/jgtv-programas-e-noticias.builderallwppro.com\/#\/schema\/person\/image\/\",\"url\":\"https:\/\/secure.gravatar.com\/avatar\/265d249c158d6f9d93f673b7d9bf94f6bba6a8160d079283a23ff922448e4e81?s=96&d=mm&r=g\",\"contentUrl\":\"https:\/\/secure.gravatar.com\/avatar\/265d249c158d6f9d93f673b7d9bf94f6bba6a8160d079283a23ff922448e4e81?s=96&d=mm&r=g\",\"caption\":\"Reda\u00e7\u00e3o\"},\"description\":\"Reda\u00e7\u00e3o\",\"sameAs\":[\"https:\/\/jgtv-programas-e-noticias.builderallwppro.com\"],\"url\":\"https:\/\/jgtv-programas-e-noticias.builderallwppro.com\/?author=1\"}]}<\/script>\n<!-- \/ Yoast SEO plugin. -->","yoast_head_json":{"title":"PMEs pisam no freio e 52,7% n\u00e3o planejam novas contrata\u00e7\u00f5es","description":"Mercado mostra-se cauteloso com mais da metade das pequenas e m\u00e9dias empresas retra\u00eddas em ampliar suas equipes nos pr\u00f3ximos 12 meses.","robots":{"index":"index","follow":"follow","max-snippet":"max-snippet:-1","max-image-preview":"max-image-preview:large","max-video-preview":"max-video-preview:-1"},"canonical":"https:\/\/jgtvpodcast.com\/?p=667","og_locale":"pt_BR","og_type":"article","og_title":"PMEs pisam no freio e 52,7% n\u00e3o planejam novas contrata\u00e7\u00f5es","og_description":"Mercado mostra-se cauteloso com mais da metade das pequenas e m\u00e9dias empresas retra\u00eddas em ampliar suas equipes nos pr\u00f3ximos 12 meses.","og_url":"https:\/\/jgtvpodcast.com\/?p=667","og_site_name":"JGTV - Programas e Not\u00edcias","article_published_time":"2026-08-17T09:00:00+00:00","og_image":[{"width":2560,"height":1707,"url":"https:\/\/jgtvpodcast.com\/wp-content\/uploads\/2026\/08\/Contratacao-Pexels.com-tima-miroshnichenko-scaled.jpg","type":"image\/jpeg"}],"author":"Reda\u00e7\u00e3o","twitter_card":"summary_large_image","twitter_misc":{"Escrito por":"Reda\u00e7\u00e3o","Est. tempo de leitura":"4 minutos"},"schema":{"@context":"https:\/\/schema.org","@graph":[{"@type":"Article","@id":"https:\/\/jgtvpodcast.com\/?p=667#article","isPartOf":{"@id":"https:\/\/jgtvpodcast.com\/?p=667"},"author":{"name":"Reda\u00e7\u00e3o","@id":"https:\/\/jgtv-programas-e-noticias.builderallwppro.com\/#\/schema\/person\/d46f8f8e2b57ff9866441e005ecd0252"},"headline":"PMEs pisam no freio e 52,7% n\u00e3o planejam novas contrata\u00e7\u00f5es","datePublished":"2026-08-17T09:00:00+00:00","mainEntityOfPage":{"@id":"https:\/\/jgtvpodcast.com\/?p=667"},"wordCount":745,"commentCount":0,"publisher":{"@id":"https:\/\/jgtv-programas-e-noticias.builderallwppro.com\/#organization"},"image":{"@id":"https:\/\/jgtvpodcast.com\/?p=667#primaryimage"},"thumbnailUrl":"https:\/\/jgtv-programas-e-noticias.builderallwppro.com\/wp-content\/uploads\/2026\/08\/Contratacao-Pexels.com-tima-miroshnichenko-scaled.jpg","keywords":["contrata\u00e7\u00e3o","gest\u00e3o de pessoas","mercado de trabalho","pequenas e m\u00e9dias empresas","planejamento financeiro","PMEs","profissionais qualificados"],"articleSection":["Geral"],"inLanguage":"pt-BR","potentialAction":[{"@type":"CommentAction","name":"Comment","target":["https:\/\/jgtvpodcast.com\/?p=667#respond"]}]},{"@type":"WebPage","@id":"https:\/\/jgtvpodcast.com\/?p=667","url":"https:\/\/jgtvpodcast.com\/?p=667","name":"PMEs pisam no freio e 52,7% n\u00e3o planejam novas contrata\u00e7\u00f5es","isPartOf":{"@id":"https:\/\/jgtv-programas-e-noticias.builderallwppro.com\/#website"},"primaryImageOfPage":{"@id":"https:\/\/jgtvpodcast.com\/?p=667#primaryimage"},"image":{"@id":"https:\/\/jgtvpodcast.com\/?p=667#primaryimage"},"thumbnailUrl":"https:\/\/jgtv-programas-e-noticias.builderallwppro.com\/wp-content\/uploads\/2026\/08\/Contratacao-Pexels.com-tima-miroshnichenko-scaled.jpg","datePublished":"2026-08-17T09:00:00+00:00","description":"Mercado mostra-se cauteloso com mais da metade das pequenas e m\u00e9dias empresas retra\u00eddas em ampliar suas equipes nos pr\u00f3ximos 12 meses.","breadcrumb":{"@id":"https:\/\/jgtvpodcast.com\/?p=667#breadcrumb"},"inLanguage":"pt-BR","potentialAction":[{"@type":"ReadAction","target":["https:\/\/jgtvpodcast.com\/?p=667"]}]},{"@type":"ImageObject","inLanguage":"pt-BR","@id":"https:\/\/jgtvpodcast.com\/?p=667#primaryimage","url":"https:\/\/jgtv-programas-e-noticias.builderallwppro.com\/wp-content\/uploads\/2026\/08\/Contratacao-Pexels.com-tima-miroshnichenko-scaled.jpg","contentUrl":"https:\/\/jgtv-programas-e-noticias.builderallwppro.com\/wp-content\/uploads\/2026\/08\/Contratacao-Pexels.com-tima-miroshnichenko-scaled.jpg","width":2560,"height":1707,"caption":"Cr\u00e9dito imagem - Pexels.com -tima-miroshnichenko"},{"@type":"BreadcrumbList","@id":"https:\/\/jgtvpodcast.com\/?p=667#breadcrumb","itemListElement":[{"@type":"ListItem","position":1,"name":"In\u00edcio","item":"https:\/\/jgtv-programas-e-noticias.builderallwppro.com\/"},{"@type":"ListItem","position":2,"name":"PMEs pisam no freio e 52,7% n\u00e3o planejam novas contrata\u00e7\u00f5es"}]},{"@type":"WebSite","@id":"https:\/\/jgtv-programas-e-noticias.builderallwppro.com\/#website","url":"https:\/\/jgtv-programas-e-noticias.builderallwppro.com\/","name":"JGTV - Programas e Not\u00edcias","description":"Podcasts para Profissionais e Empreendedores - Personalidades, informa\u00e7\u00e3o e conhecimento relacionados a carreira, gest\u00e3o, neg\u00f3cios, desenvolvimento pessoal e lifestyle equilibrado entre vida e trabalho!","publisher":{"@id":"https:\/\/jgtv-programas-e-noticias.builderallwppro.com\/#organization"},"potentialAction":[{"@type":"SearchAction","target":{"@type":"EntryPoint","urlTemplate":"https:\/\/jgtv-programas-e-noticias.builderallwppro.com\/?s={search_term_string}"},"query-input":{"@type":"PropertyValueSpecification","valueRequired":true,"valueName":"search_term_string"}}],"inLanguage":"pt-BR"},{"@type":"Organization","@id":"https:\/\/jgtv-programas-e-noticias.builderallwppro.com\/#organization","name":"JGTV - Programas e Not\u00edcias","url":"https:\/\/jgtv-programas-e-noticias.builderallwppro.com\/","logo":{"@type":"ImageObject","inLanguage":"pt-BR","@id":"https:\/\/jgtv-programas-e-noticias.builderallwppro.com\/#\/schema\/logo\/image\/","url":"https:\/\/jgtv-programas-e-noticias.builderallwppro.com\/wp-content\/uploads\/2026\/01\/cropped-logoJGTV-1.png","contentUrl":"https:\/\/jgtv-programas-e-noticias.builderallwppro.com\/wp-content\/uploads\/2026\/01\/cropped-logoJGTV-1.png","width":1918,"height":1080,"caption":"JGTV  - Programas e Not\u00edcias"},"image":{"@id":"https:\/\/jgtv-programas-e-noticias.builderallwppro.com\/#\/schema\/logo\/image\/"}},{"@type":"Person","@id":"https:\/\/jgtv-programas-e-noticias.builderallwppro.com\/#\/schema\/person\/d46f8f8e2b57ff9866441e005ecd0252","name":"Reda\u00e7\u00e3o","image":{"@type":"ImageObject","inLanguage":"pt-BR","@id":"https:\/\/jgtv-programas-e-noticias.builderallwppro.com\/#\/schema\/person\/image\/","url":"https:\/\/secure.gravatar.com\/avatar\/265d249c158d6f9d93f673b7d9bf94f6bba6a8160d079283a23ff922448e4e81?s=96&d=mm&r=g","contentUrl":"https:\/\/secure.gravatar.com\/avatar\/265d249c158d6f9d93f673b7d9bf94f6bba6a8160d079283a23ff922448e4e81?s=96&d=mm&r=g","caption":"Reda\u00e7\u00e3o"},"description":"Reda\u00e7\u00e3o","sameAs":["https:\/\/jgtv-programas-e-noticias.builderallwppro.com"],"url":"https:\/\/jgtv-programas-e-noticias.builderallwppro.com\/?author=1"}]}},"_links":{"self":[{"href":"https:\/\/jgtv-programas-e-noticias.builderallwppro.com\/index.php?rest_route=\/wp\/v2\/posts\/667","targetHints":{"allow":["GET"]}}],"collection":[{"href":"https:\/\/jgtv-programas-e-noticias.builderallwppro.com\/index.php?rest_route=\/wp\/v2\/posts"}],"about":[{"href":"https:\/\/jgtv-programas-e-noticias.builderallwppro.com\/index.php?rest_route=\/wp\/v2\/types\/post"}],"author":[{"embeddable":true,"href":"https:\/\/jgtv-programas-e-noticias.builderallwppro.com\/index.php?rest_route=\/wp\/v2\/users\/1"}],"replies":[{"embeddable":true,"href":"https:\/\/jgtv-programas-e-noticias.builderallwppro.com\/index.php?rest_route=%2Fwp%2Fv2%2Fcomments&post=667"}],"version-history":[{"count":5,"href":"https:\/\/jgtv-programas-e-noticias.builderallwppro.com\/index.php?rest_route=\/wp\/v2\/posts\/667\/revisions"}],"predecessor-version":[{"id":676,"href":"https:\/\/jgtv-programas-e-noticias.builderallwppro.com\/index.php?rest_route=\/wp\/v2\/posts\/667\/revisions\/676"}],"wp:featuredmedia":[{"embeddable":true,"href":"https:\/\/jgtv-programas-e-noticias.builderallwppro.com\/index.php?rest_route=\/wp\/v2\/media\/672"}],"wp:attachment":[{"href":"https:\/\/jgtv-programas-e-noticias.builderallwppro.com\/index.php?rest_route=%2Fwp%2Fv2%2Fmedia&parent=667"}],"wp:term":[{"taxonomy":"category","embeddable":true,"href":"https:\/\/jgtv-programas-e-noticias.builderallwppro.com\/index.php?rest_route=%2Fwp%2Fv2%2Fcategories&post=667"},{"taxonomy":"post_tag","embeddable":true,"href":"https:\/\/jgtv-programas-e-noticias.builderallwppro.com\/index.php?rest_route=%2Fwp%2Fv2%2Ftags&post=667"}],"curies":[{"name":"wp","href":"https:\/\/api.w.org\/{rel}","templated":true}]}}